{"id":888,"global_id":"remizka.cz?id=888","global_id_lineage":["remizka.cz?id=888"],"author":"2","status":"publish","date":"2017-01-10 21:13:24","date_utc":"2017-01-10 20:13:24","modified":"2017-10-15 11:10:52","modified_utc":"2017-10-15 10:10:52","url":"https:\/\/remizka.cz\/?tribe_events=anglictina-mam-ve-tride-dyslektikay-3","rest_url":"https:\/\/remizka.cz\/index.php?rest_route=\/tribe\/events\/v1\/events\/888","title":"Angli\u010dtina: M\u00e1m ve t\u0159\u00edd\u011b dyslektika(y) !","description":"<p>C\u00edlem vzd\u011bl\u00e1vac\u00edho programu je sezn\u00e1mit u\u010ditele prvn\u00edho stupn\u011b s\u00a0problematikou v\u00fduky ciz\u00edho jazyka u \u017e\u00e1k\u016f se SPU, nast\u00ednit jim, s jak\u00fdmi probl\u00e9my se tito \u017e\u00e1ci pot\u00fdkaj\u00ed a co jim p\u0159ek\u00e1\u017e\u00ed ve vzd\u011bl\u00e1vac\u00edm procesu. \u00da\u010dastn\u00edci se zam\u011b\u0159\u00ed se na \u00faskal\u00ed, kter\u00e1 d\u011btem br\u00e1n\u00ed v\u00a0u\u010den\u00ed a vyzkou\u0161ej\u00ed si strategie, nezbytn\u00e9 pro v\u00fduku, pochopen\u00ed a procvi\u010den\u00ed jazyka a vedouc\u00ed k\u00a0osvojen\u00ed si z\u00e1kladn\u00edch poznatk\u016f.<br \/>\n\u00da\u010dastn\u00edci se na z\u00e1klad\u011b vyzkou\u0161en\u00fdch aktivit nau\u010d\u00ed projektovat sv\u00e9 vlastn\u00ed aktivity c\u00edlen\u011b podle pot\u0159eby konkr\u00e9tn\u00edch \u017e\u00e1k\u016f. V\u00a0\u00favodu vzd\u011bl\u00e1vac\u00edho programu se budou \u00fa\u010dastn\u00edci zab\u00fdvat t\u00edm, jak se specifick\u00e9 poruchy u\u010den\u00ed projevuj\u00ed ve vyu\u010dovac\u00edm procesu a \u010d\u00edm bychom mohli eliminovat jej\u00edch ne\u017e\u00e1douc\u00ed dopady. Sou\u010d\u00e1st\u00ed kurzu bude i diskuzn\u00ed platforma, kde si \u00fa\u010dastn\u00edci budou moci vym\u011bnit poznatky ze sv\u00e9 vlastn\u00ed praxe.<\/p>\n<div id=\"page\" class=\"hfeed site\">\n<div id=\"main\" class=\"site-main\">\n<div id=\"tribe-events-pg-template\">\n<div id=\"tribe-events\" data-category=\"\" data-datepicker_format=\"2\" data-live_ajax=\"1\">\n<div id=\"tribe-events-content\" class=\"tribe-events-single\">\n<div id=\"post-673\" class=\"post-673 tribe_events type-tribe_events status-publish hentry tribe_events_cat-ctenarska_gramotnost cat_ctenarska_gramotnost\">\n<div class=\"tribe-events-single-event-description tribe-events-content\">\n<p>Vzd\u011bl\u00e1vac\u00ed program vede uzn\u00e1van\u00e1 lektorka s\u00a0dlouholetou praxi, p\u0159edn\u00e1\u0161ej\u00edc\u00ed nejenom u n\u00e1s, ale i v r\u016fzn\u00fdch statech EU &#8211; Norsko, N\u011bmecko, Rakousko, Litva&#8230; <strong>Mgr. Sylvie Dol\u00e1kov\u00e1. <\/strong>Vystudovala u\u010ditelstv\u00ed pro M\u0160 a MUNI Brno \u00a0\u2013 \u00a0anglick\u00fd jazyk a literatura pro z\u00e1kladn\u00ed a jazykov\u00e9 \u0161koly. N\u00e1sledn\u011b absolvovala \u0159adu \u0161kolen\u00ed a kurzu v\u00a0zahrani\u010d\u00ed, nap\u0159. Dyslexia and Foreign Language Teaching, University of Lancaster, Improving Early, Bilingual and Trilingual Language Learning, Haag a Leeuwarden, Holandsko, The Craft of Storytelling, G\u00f6d\u00f6ll\u0151, Hungary, Creative Methodology, Canterbury, VB, Grunnlaget approach, Bergen, Norsko,\u00a0 ELT through Storytelling, University of Tbilisi, Tbilisi, Gruzie, Creative Methodology Course,\u00a0 Oxford, VB, Teaching Young Learners\u00a0 a dal\u0161\u00ed. Pracuje jako lektorka\u00a0 kurzu pro DVPP,\u00a0 V\u0160, AV a VO\u0160 \u2013 \u00a0komplexn\u00ed metodick\u00e9 kurzy pro u\u010ditele AJ pro Pedagogick\u00e1 centra, Slu\u017eby \u0161kole, Vzd\u011bl\u00e1vac\u00ed centra, N\u00e1rodn\u00ed Institut\u00a0 a jazykov\u00e9 \u0161koly.\u00a0 \u00da\u010dastnila se Setk\u00e1n\u00ed \u0161kolitel\u016f u\u010ditel\u016f AJ, Oslo, Norsko (2013). V\u00edce o lektorce na str\u00e1nk\u00e1ch\u00a0 <a href=\"http:\/\/www.sylviad.cz\/Kdojsem.html\">www.sylviad.cz\/Kdojsem.html<\/a><\/p>\n<p><strong>Ur\u010deno:<\/strong>\u00a0\u00a0pedagogick\u00fdm pracovn\u00edk\u016fm \u00a01. stupn\u011b Z\u0160, u\u010ditel\u016fm jazykov\u00e9 \u0161koly a student\u016fm Pedagogick\u00fdch fakult<\/p>\n<div id=\"page\" class=\"hfeed site\">\n<div id=\"main\" class=\"site-main\">\n<div id=\"tribe-events-pg-template\">\n<div id=\"tribe-events\" data-category=\"\" data-datepicker_format=\"2\" data-live_ajax=\"1\">\n<div id=\"tribe-events-content\" class=\"tribe-events-single\">\n<div id=\"post-491\" class=\"post-491 tribe_events type-tribe_events status-publish hentry tribe_events_cat-environmentalni-vzdelavani-a-ekologie cat_environmentalni-vzdelavani-a-ekologie\">\n<div class=\"tribe-events-single-event-description tribe-events-content\">\n<p><strong><span style=\"color: #141412; font-family: 'Source Sans Pro';\"><span style=\"color: #141412; font-family: 'Source Sans Pro';\">D\u00e9lka programu<\/span><\/span><\/strong><span style=\"color: #141412; font-family: 'Source Sans Pro';\"><span style=\"color: #141412; font-family: 'Source Sans Pro';\"> \u2013 8 vyu\u010dovac\u00edch hodin<\/span><\/span><\/p>\n<p><strong><span style=\"color: #141412; font-family: 'Source Sans Pro';\"><span style=\"color: #141412; font-family: 'Source Sans Pro';\">Cena programu<\/span><\/span><\/strong><span style=\"color: #141412; font-family: 'Source Sans Pro';\"><span style=\"color: #141412; font-family: 'Source Sans Pro';\"> \u2013\u00a0 850.- K\u010d<\/span><\/span><\/p>\n<p><strong><span style=\"color: #141412; font-family: 'Source Sans Pro';\"><span style=\"color: #141412; font-family: 'Source Sans Pro';\">M\u00edsto kon\u00e1n\u00ed<\/span><\/span><\/strong><span style=\"color: #141412; font-family: 'Source Sans Pro';\"><span style=\"color: #141412; font-family: 'Source Sans Pro';\"> \u2013 <span style=\"color: #0000ff;\"><strong>\u010c<\/strong><strong>esk\u00e9 Bud\u011bjovice, \u010cechova 1<\/strong><\/span><\/span><\/span><\/p>\n<p><span style=\"color: #ff0000;\"><strong>P\u0159ihl\u00e1\u0161ka &#8211; <\/strong><\/span><a href=\"http:\/\/remizka.cz\/wordpress\/wp-content\/uploads\/2017\/10\/Angli\u010dtina-m\u00e1m-ve-t\u0159\u00edd\u011b-dyslektika_5.12.2017.doc\"><span style=\"color: #ff0000;\"><strong>Angli\u010dtina- m\u00e1m ve t\u0159\u00edd\u011b dyslektika_5.12.2017<\/strong><\/span><\/a><\/p>\n<\/div>\n<\/div>\n<\/div>\n<\/div>\n<\/div>\n<\/div>\n<\/div>\n<\/div>\n<\/div>\n<\/div>\n<\/div>\n<\/div>\n<\/div>\n<\/div>","excerpt":"","image":false,"all_day":false,"start_date":"2017-12-05 09:00:00","start_date_details":{"year":"2017","month":"12","day":"05","hour":"09","minutes":"00","seconds":"00"},"end_date":"2017-12-05 14:00:00","end_date_details":{"year":"2017","month":"12","day":"05","hour":"14","minutes":"00","seconds":"00"},"utc_start_date":"2017-12-05 08:00:00","utc_start_date_details":{"year":"2017","month":"12","day":"05","hour":"08","minutes":"00","seconds":"00"},"utc_end_date":"2017-12-05 13:00:00","utc_end_date_details":{"year":"2017","month":"12","day":"05","hour":"13","minutes":"00","seconds":"00"},"timezone":"UTC+1","timezone_abbr":"","cost":"","cost_details":{"currency_symbol":"","currency_position":"prefix","values":[]},"website":"","show_map":true,"show_map_link":true,"hide_from_listings":false,"sticky":false,"featured":false,"categories":[{"name":"\u010cten\u00e1\u0159sk\u00e1 gramotnost","slug":"ctenarska_gramotnost","term_group":0,"term_taxonomy_id":3,"taxonomy":"tribe_events_cat","description":"","parent":0,"count":21,"filter":"raw","id":3,"urls":{"self":"https:\/\/remizka.cz\/index.php?rest_route=\/tribe\/events\/v1\/categories\/3","collection":"https:\/\/remizka.cz\/index.php?rest_route=\/tribe\/events\/v1\/categories"}},{"name":"Inkluze","slug":"inkluze","term_group":0,"term_taxonomy_id":16,"taxonomy":"tribe_events_cat","description":"","parent":0,"count":11,"filter":"raw","id":16,"urls":{"self":"https:\/\/remizka.cz\/index.php?rest_route=\/tribe\/events\/v1\/categories\/16","collection":"https:\/\/remizka.cz\/index.php?rest_route=\/tribe\/events\/v1\/categories"}}],"tags":[],"venue":[],"organizer":[],"json_ld":{"@context":"http:\/\/schema.org","@type":"Event","name":"Angli\u010dtina: M\u00e1m ve t\u0159\u00edd\u011b dyslektika(y) !","description":"&lt;p&gt;C\u00edlem vzd\u011bl\u00e1vac\u00edho programu je sezn\u00e1mit u\u010ditele prvn\u00edho stupn\u011b s\u00a0problematikou v\u00fduky ciz\u00edho jazyka u \u017e\u00e1k\u016f se SPU, nast\u00ednit jim, s jak\u00fdmi probl\u00e9my se tito \u017e\u00e1ci pot\u00fdkaj\u00ed a co jim p\u0159ek\u00e1\u017e\u00ed ve vzd\u011bl\u00e1vac\u00edm procesu. \u00da\u010dastn\u00edci se zam\u011b\u0159\u00ed se na \u00faskal\u00ed, kter\u00e1 d\u011btem br\u00e1n\u00ed v\u00a0u\u010den\u00ed a vyzkou\u0161ej\u00ed si strategie, nezbytn\u00e9 pro v\u00fduku, pochopen\u00ed a procvi\u010den\u00ed jazyka a vedouc\u00ed &hellip; &lt;a href=&quot;https:\/\/remizka.cz\/?tribe_events=anglictina-mam-ve-tride-dyslektikay-3&quot; class=&quot;more-link&quot;&gt;Pokra\u010dov\u00e1n\u00ed textu &lt;span class=&quot;screen-reader-text&quot;&gt;Angli\u010dtina: M\u00e1m ve t\u0159\u00edd\u011b dyslektika(y) !&lt;\/span&gt; &lt;span class=&quot;meta-nav&quot;&gt;&rarr;&lt;\/span&gt;&lt;\/a&gt;&lt;\/p&gt;\\n","url":"https:\/\/remizka.cz\/?tribe_events=anglictina-mam-ve-tride-dyslektikay-3","startDate":"2017-12-05 08:00:00","endDate":"2017-12-05 13:00:00"}}