{"id":866,"global_id":"remizka.cz?id=866","global_id_lineage":["remizka.cz?id=866"],"author":"2","status":"publish","date":"2017-01-04 21:29:58","date_utc":"2017-01-04 20:29:58","modified":"2017-01-29 18:38:23","modified_utc":"2017-01-29 17:38:23","url":"https:\/\/remizka.cz\/?tribe_events=chuva","rest_url":"https:\/\/remizka.cz\/index.php?rest_route=\/tribe\/events\/v1\/events\/866","title":"PROFESN\u00cd KVALIFIKACE \u201eCh\u016fva pro d\u011bti do zah\u00e1jen\u00ed povinn\u00e9 \u0161koln\u00ed doch\u00e1zky&#8220;","description":"<p>Vzd\u011bl\u00e1vac\u00ed centrum REM\u00cdZKA ve spolupr\u00e1ci s VISK (Vzd\u011bl\u00e1vac\u00ed institut St\u0159edo\u010desk\u00e9ho kraje) realizuje kurz pro profesn\u00ed kvalifikaci <strong>\u201eCh\u016fva pro d\u011bti do zah\u00e1jen\u00ed povinn\u00e9 \u0161koln\u00ed doch\u00e1zky\u201c<\/strong>, kter\u00e1 je za\u0159azena v\u00a0N\u00e1rodn\u00ed soustav\u011b kvalifikac\u00ed.<br \/>\nSlo\u017een\u00edm zkou\u0161ky z\u00edsk\u00e1v\u00e1 absolvent kvalifikaci pro v\u00fdkon profese Ch\u016fvy a to jak nap\u0159. v\u00a0dom\u00e1cnostech, d\u011btsk\u00fdch skupin\u00e1ch, tak i\u00a0v\u00a0mate\u0159sk\u00e9 \u0161kole\u00a0\u2013 tato pozice je jednou z\u00a0person\u00e1ln\u00edch podpor v\u00a0r\u00e1mci OP VVV\u00a0\u2013 v\u00fdzvy \u010d. 22\u00a0a 23 (tzv. \u0161ablony), kter\u00e9 byly vyps\u00e1ny Ministerstvem \u0161kolstv\u00ed, ml\u00e1de\u017ee a t\u011blov\u00fdchovy.<br \/>\n<a href=\"http:\/\/www.visk.cz\/sites\/default\/files\/informace_predskolni_vzdelavani_msmt.pdf#overlay-context=node\"><strong>Informace k\u00a0p\u0159ed\u0161koln\u00edmu vzd\u011bl\u00e1v\u00e1n\u00ed d\u011bt\u00ed ve v\u011bku od 2\u00a0do 3\u00a0let v\u00a0mate\u0159sk\u00e9 \u0161kole<\/strong><\/a>, vydalo M\u0160MT pod \u010d.j. MSMT-26747\/2016 v\u00a0Praze dne 1.\u00a0z\u00e1\u0159\u00ed\u00a02016<strong>. <\/strong>Uchaze\u010d o tuto profesn\u00ed kvalifikaci mus\u00ed b\u00fdt bez logopedick\u00e9 vady.<\/p>\n<p><strong>Obsahem studia jsou n\u00e1sleduj\u00edc\u00ed moduly:<\/strong><\/p>\n<ol>\n<li>Dodr\u017eov\u00e1n\u00ed z\u00e1sad bezpe\u010dnosti a prevence \u00faraz\u016f<\/li>\n<li>Poskytov\u00e1n\u00ed prvn\u00ed pomoci d\u00edt\u011bti\/d\u011btem<\/li>\n<li>P\u00e9\u010de o\u00a0b\u011b\u017en\u011b nemocn\u00e9 d\u00edt\u011b v\u00a0dom\u00e1c\u00edm o\u0161et\u0159ov\u00e1n\u00ed<\/li>\n<li>Veden\u00ed d\u00edt\u011bte k\u00a0hygienick\u00fdm n\u00e1vyk\u016fm<\/li>\n<li>Uplat\u0148ov\u00e1n\u00ed z\u00e1sad spr\u00e1vn\u00e9ho \u017eivotn\u00edho stylu podle v\u011bku\u00a0d\u00edt\u011bte<\/li>\n<li>Uplat\u0148ov\u00e1n\u00ed metod a forem pedagogick\u00e9 pr\u00e1ce s\u00a0ohledem na v\u011bk d\u00edt\u011bte\/d\u011bt\u00ed<\/li>\n<li>\u0158e\u0161en\u00ed nep\u0159\u00edzniv\u00fdch v\u00fdchovn\u00fdch situac\u00ed z\u00a0pedagogicko-psychologick\u00e9ho hlediska<\/li>\n<li>Uplat\u0148ov\u00e1n\u00ed znalost\u00ed o\u00a0v\u00fdvojov\u00fdch etap\u00e1ch a socializaci d\u00edt\u011bte v\u00a0praxi<\/li>\n<li>Dodr\u017eov\u00e1n\u00ed etick\u00fdch princip\u016f p\u0159i pr\u00e1ci ch\u016fvy a veden\u00ed d\u00edt\u011bte k\u00a0mor\u00e1ln\u00edm hodnot\u00e1m<\/li>\n<li>Orientace v\u00a0pracovn\u011bpr\u00e1vn\u00edch vztaz\u00edch uplatniteln\u00fdch v\u00a0profesn\u00edm \u017eivot\u011b\u00a0ch\u016fvy<\/li>\n<li>Provozn\u00ed a hygienick\u00e1 pravidla p\u0159i pr\u00e1ci s\u00a0d\u011btmi v\u00a0za\u0159\u00edzen\u00ed \u010di dom\u00e1cnosti\u00a0d\u00edt\u011bte<\/li>\n<\/ol>\n<p><strong>\u00a0<\/strong><span style=\"color: #0000ff;\"><strong>T<span style=\"color: #0000ff;\">e<\/span>rm\u00edny studijn\u00edch setk\u00e1n\u00ed:\u00a0\u00a0 12.5., 13.5., 22.5., 9.6., 10.6.2017. Ukon\u010den\u00ed studia: 19.6.2017<\/strong><\/span><\/p>\n<p><strong>Lektorsk\u00e9 zaji\u0161t\u011bn\u00ed: <\/strong>Mgr. Jitka \u0160nypsov\u00e1, Mgr. Ladislav Dvo\u0159\u00e1k a Mgr. Martina Schwarzrockov\u00e1 a Bc. Kv\u011btu\u0161e Kru\u0161kov\u00e1.<\/p>\n<p><strong><span style=\"color: #ff0000;\"><span style=\"color: #0000ff;\">UPOZORN\u011aNI &#8211; <\/span>Vzd\u011bl\u00e1vac\u00ed program nen\u00ed mo\u017en\u00e9 hradit ze<\/span> <span style=\"text-decoration: underline;\"><span style=\"color: #ff0000; text-decoration: underline;\">\u0160ABLON !!<\/span><\/span><span style=\"color: #ff0000;\">\u00a0 \u00a0\u00a0 Tato pozice je v\u0161ak jednou z person\u00e1ln\u00edch podpor v r\u00e1mci OP VVV \u2013 v\u00fdzvy \u010d. 22 a 23 (tzv. \u0161ablony) &#8211; t.j, ze &#8222;\u0161ablon&#8220; lze hradit zam\u011bstnance na pozici CH\u016eVA. \u00a0 \u00a0 \u00a0 \u00a0 \u00a0 \u00a0 \u00a0 \u00a0 \u00a0 \u00a0 \u00a0 \u00a0 \u00a0 \u00a0 \u00a0 \u00a0 \u00a0\u00a0\u00a0<\/span><\/strong><\/p>\n<p><strong>Ur\u010deno<\/strong> &#8211; pro z\u00e1jemce, kte\u0159\u00ed maj\u00ed v \u00famyslu zv\u00fd\u0161it si svou kvalifikaci absolvov\u00e1n\u00edm kurzu a zkou\u0161ky ov\u011b\u0159uj\u00edc\u00ed dosa\u017een\u00ed profesn\u00ed kvalifikace Ch\u016fva pro d\u011bti do zah\u00e1jen\u00ed povinn\u00e9 \u0161koln\u00ed doch\u00e1zky. Vhodn\u00e9 pro nepedagogick\u00e9 pracovn\u00edky \u0161kol (nap\u0159. pan\u00ed kucha\u0159ky, pan\u00ed ukliza\u010dky a pod.) a tak\u00e9 pro maminky na mate\u0159sk\u00e9 dovolen\u00e9.<\/p>\n<div class=\"tribe-events-single-event-description tribe-events-content\">\u00a0<strong><span style=\"color: #141412; font-family: 'Source Sans Pro';\">D\u00e9lka programu<\/span><\/strong><span style=\"color: #141412; font-family: 'Source Sans Pro';\"> \u2013 48 vyu\u010dovac\u00edch hodin, v\u010detn\u011b praxe<br \/>\n<\/span><\/div>\n<div class=\"tribe-events-single-event-description tribe-events-content\"><\/div>\n<div class=\"tribe-events-single-event-description tribe-events-content\"><strong><span style=\"color: #141412; font-family: 'Source Sans Pro';\">Cena programu<\/span><\/strong><span style=\"color: #141412; font-family: 'Source Sans Pro';\"> \u2013\u00a0 7 950.- K\u010d,\u00a0 v\u010detn\u011b z\u00e1v\u011bre\u010dn\u00e9 zkou\u0161ky p\u0159ed autorizovanou osobou<br \/>\n<\/span><\/div>\n<div class=\"tribe-events-single-event-description tribe-events-content\"><\/div>\n<div class=\"tribe-events-single-event-description tribe-events-content\">\n<p><strong><span style=\"color: #141412; font-family: 'Source Sans Pro';\">M\u00edsto kon\u00e1n\u00ed<\/span><\/strong><span style=\"color: #141412; font-family: 'Source Sans Pro';\"> \u2013 \u010cesk\u00e9 Bud\u011bjovice, \u010cechova 1<\/span><\/p>\n<p><strong>P\u0159ihl\u00e1\u0161ka &#8211;\u00a0 <span style=\"color: #ff0000;\"><a style=\"color: #ff0000;\" href=\"http:\/\/remizka.cz\/wordpress\/wp-content\/uploads\/2017\/01\/1_CHUVA_p\u0159ihl\u00e1\u0161ka_fin_REMIZKA.doc\">CHUVA_p\u0159ihl\u00e1\u0161ka<\/a><\/span><\/strong><\/p>\n<p>&nbsp;<\/p>\n<\/div>","excerpt":"","image":false,"all_day":false,"start_date":"2017-05-12 09:00:00","start_date_details":{"year":"2017","month":"05","day":"12","hour":"09","minutes":"00","seconds":"00"},"end_date":"2017-05-12 15:30:00","end_date_details":{"year":"2017","month":"05","day":"12","hour":"15","minutes":"30","seconds":"00"},"utc_start_date":"2017-05-12 08:00:00","utc_start_date_details":{"year":"2017","month":"05","day":"12","hour":"08","minutes":"00","seconds":"00"},"utc_end_date":"2017-05-12 14:30:00","utc_end_date_details":{"year":"2017","month":"05","day":"12","hour":"14","minutes":"30","seconds":"00"},"timezone":"UTC+1","timezone_abbr":"","cost":"","cost_details":{"currency_symbol":"","currency_position":"prefix","values":[]},"website":"","show_map":true,"show_map_link":true,"hide_from_listings":false,"sticky":false,"featured":false,"categories":[{"name":"Speci\u00e1ln\u00ed pedagogika a prevence","slug":"specialni_pedagogika","term_group":0,"term_taxonomy_id":6,"taxonomy":"tribe_events_cat","description":"","parent":0,"count":37,"filter":"raw","id":6,"urls":{"self":"https:\/\/remizka.cz\/index.php?rest_route=\/tribe\/events\/v1\/categories\/6","collection":"https:\/\/remizka.cz\/index.php?rest_route=\/tribe\/events\/v1\/categories"}}],"tags":[],"venue":[],"organizer":[],"json_ld":{"@context":"http:\/\/schema.org","@type":"Event","name":"PROFESN\u00cd KVALIFIKACE \u201eCh\u016fva pro d\u011bti do zah\u00e1jen\u00ed povinn\u00e9 \u0161koln\u00ed doch\u00e1zky&#8220;","description":"&lt;p&gt;Vzd\u011bl\u00e1vac\u00ed centrum REM\u00cdZKA ve spolupr\u00e1ci s VISK (Vzd\u011bl\u00e1vac\u00ed institut St\u0159edo\u010desk\u00e9ho kraje) realizuje kurz pro profesn\u00ed kvalifikaci \u201eCh\u016fva pro d\u011bti do zah\u00e1jen\u00ed povinn\u00e9 \u0161koln\u00ed doch\u00e1zky\u201c, kter\u00e1 je za\u0159azena v\u00a0N\u00e1rodn\u00ed soustav\u011b kvalifikac\u00ed. Slo\u017een\u00edm zkou\u0161ky z\u00edsk\u00e1v\u00e1 absolvent kvalifikaci pro v\u00fdkon profese Ch\u016fvy a to jak nap\u0159. v\u00a0dom\u00e1cnostech, d\u011btsk\u00fdch skupin\u00e1ch, tak i\u00a0v\u00a0mate\u0159sk\u00e9 \u0161kole\u00a0\u2013 tato pozice je jednou z\u00a0person\u00e1ln\u00edch podpor &hellip; &lt;a href=&quot;https:\/\/remizka.cz\/?tribe_events=chuva&quot; class=&quot;more-link&quot;&gt;Pokra\u010dov\u00e1n\u00ed textu &lt;span class=&quot;screen-reader-text&quot;&gt;PROFESN\u00cd KVALIFIKACE \u201eCh\u016fva pro d\u011bti do zah\u00e1jen\u00ed povinn\u00e9 \u0161koln\u00ed doch\u00e1zky&#8220;&lt;\/span&gt; &lt;span class=&quot;meta-nav&quot;&gt;&rarr;&lt;\/span&gt;&lt;\/a&gt;&lt;\/p&gt;\\n","url":"https:\/\/remizka.cz\/?tribe_events=chuva","startDate":"2017-05-12 08:00:00","endDate":"2017-05-12 14:30:00"}}