{"id":863,"global_id":"remizka.cz?id=863","global_id_lineage":["remizka.cz?id=863"],"author":"2","status":"publish","date":"2017-01-04 20:45:51","date_utc":"2017-01-04 19:45:51","modified":"2017-04-03 07:44:55","modified_utc":"2017-04-03 06:44:55","url":"https:\/\/remizka.cz\/?tribe_events=primarni-logopedicka-prevence-v-ms-a-na-1-st-zs","rest_url":"https:\/\/remizka.cz\/index.php?rest_route=\/tribe\/events\/v1\/events\/863","title":"Prim\u00e1rn\u00ed logopedick\u00e1 prevence v M\u0160 a na 1. st. Z\u0160 &#8211; realizace od z\u00e1\u0159\u00ed 2017","description":"<p>C\u00edlem vzd\u011bl\u00e1vac\u00edho programu je z\u00edsk\u00e1n\u00ed odborn\u00fdch p\u0159edpoklad\u016f \u00fa\u010dastn\u00edk\u016f pro pr\u00e1ci logopedick\u00e9ho asistenta ve \u0161kolsk\u00e9m za\u0159\u00edzen\u00ed v souladu s ustanoven\u00edm \u010dl\u00e1nku IV p\u00edsm. c) a \u010dl. V 1. odst. Metodick\u00e9ho doporu\u010den\u00ed \u010d. j. 14712\/2009-61 k zabezpe\u010den\u00ed logopedick\u00e9 p\u00e9\u010de ve \u0161kolstv\u00ed. Logopedick\u00fd asistent, kter\u00fd z\u00edskal odbornou zp\u016fsobilost podle \u010dl. IV p\u00edsm. c) se zam\u011b\u0159uje zejm\u00e9na: na podporu p\u0159irozen\u00e9ho rozvoje komunika\u010dn\u00edch schopnost\u00ed a dovednost\u00ed u d\u011bt\u00ed v p\u0159ed\u0161koln\u00edm v\u011bku a mlad\u0161\u00edm \u0161koln\u00edm v\u011bku, na prevenci vzniku poruch \u0159e\u010di, na prevenci vzniku \u010dten\u00e1\u0159sk\u00fdch obt\u00ed\u017e\u00ed, v rozsahu sv\u00e9 p\u016fsobnosti poskytuje z\u00e1konn\u00fdm z\u00e1stupc\u016fm \u017e\u00e1k\u016f s p\u0159\u00edznaky rizikov\u00e9ho v\u00fdvoje \u0159e\u010di informace o dostupnosti logopedick\u00e9 p\u00e9\u010de. <span style=\"text-decoration: underline;\"><strong>\u0158e\u010d \u00fa\u010dastn\u00edka kurzu by nem\u011bla vykazovat znaky naru\u0161en\u00e9 komunika\u010dn\u00ed schopnosti.<\/strong><\/span><\/p>\n<p><span style=\"color: #0000ff;\"><strong>Term\u00edny studijn\u00edch setk\u00e1n\u00ed:<\/strong><\/span><\/p>\n<p><strong>22.9.2017 &#8211;<\/strong> syst\u00e9m logopedick\u00e9 p\u00e9\u010de, legislativa, bilingvismus, \u010dten\u00e1\u0159sk\u00e1 graamotnost, z\u00e1kladn\u00ed pojmy &#8211; p\u0159edn\u00e1\u0161\u00ed\u00a0 Mgr.\u00a0Denisa Kl\u00e1\u0161terkov\u00e1<\/p>\n<p><strong>23.9.2017<\/strong> &#8211; ontogenetick\u00fd v\u00fdvoj, motorika mluvidel a artikulace &#8211; p\u0159edn\u00e1\u0161\u00ed\u00a0 PaedDr. Blanka Housarov\u00e1, Ph.D.<\/p>\n<p><strong>6.10.2017<\/strong> &#8211; naru\u0161en\u00e1 komunika\u010dn\u00ed schopnost, sluchov\u00e9 vn\u00edm\u00e1n\u00ed\u00a0&#8211; p\u0159edn\u00e1\u0161\u00ed\u00a0 PhDr. Alena \u0160t\u011bp\u00e1n\u00edkov\u00e1<\/p>\n<p><strong>7.10.2017<\/strong> &#8211; naru\u0161en\u00e1 komunika\u010dn\u00ed schopnost, prevence v podm\u00ednk\u00e1ch M\u0160, zrakov\u00e9 vn\u00edm\u00e1n\u00ed, slovn\u00edk &#8211; Mgr. et Mgr. Andrea Schmalzov\u00e1<\/p>\n<p><strong>20.10.2017<\/strong> &#8211; integrace, spole\u010dn\u00e9 vzd\u011bl\u00e1v\u00e1n\u00ed, stupn\u011b podpory, SPU, grafomotrika, pozornost, pam\u011b\u0165\u00a0&#8211; p\u0159edn\u00e1\u0161\u00ed\u00a0 Mgr.\u00a0Denisa Kl\u00e1\u0161terkov\u00e1<\/p>\n<p><span style=\"color: #000000;\"><strong>9.12.2017<\/strong><\/span> &#8211; ukon\u010den\u00ed studia<\/p>\n<p><strong><span style=\"color: #ff0000;\"><span style=\"color: #0000ff;\">UPOZORN\u011aN\u00cd &#8211; <\/span>Vzd\u011bl\u00e1vac\u00ed program je mo\u017en\u00e9 hradit ze<\/span> <span style=\"text-decoration: underline;\"><span style=\"color: #ff0000; text-decoration: underline;\">\u0160ABLON !!<\/span><\/span><span style=\"color: #ff0000;\">\u00a0\u00a0 <\/span><span style=\"color: #000000;\">Vzd\u011bl\u00e1vac\u00ed program je akreditov\u00e1n M\u0160MT, akreditace \u010c.j.:MSMT- 25189\/2016-2-766\u00a0\u00a0\u00a0 \u00a0 \u00a0 \u00a0<\/span><span style=\"color: #ff0000;\"> \u00a0 \u00a0 \u00a0 \u00a0 \u00a0 \u00a0 \u00a0 \u00a0 \u00a0 \u00a0 \u00a0 \u00a0 \u00a0 \u00a0\u00a0\u00a0<\/span><\/strong><\/p>\n<p><strong>Ur\u010deno<\/strong> &#8211; pedagogick\u00fdm pracovn\u00edk\u016fm M\u0160 a 1. st. Z\u0160 (p\u0159\u00edpravn\u00e9 t\u0159\u00eddy Z\u0160), kte\u0159\u00ed se v r\u00e1mci v\u00fdkonu sv\u00e9 profese a v kontextu \u0161koln\u00edho vzd\u011bl\u00e1vac\u00edho programu v\u011bnuj\u00ed \u0159e\u010dov\u00e9 v\u00fdchov\u011b, podpo\u0159e komunika\u010dn\u00ed kompetence d\u011bt\u00ed a prim\u00e1rn\u00ed prevenci naru\u0161en\u00e9ho v\u00fdvoje d\u011btsk\u00e9 \u0159e\u010di &#8211; pedagogick\u00fdm pracovn\u00edk\u016fm Z\u0160, pedagog\u016fm p\u0159ed\u0161koln\u00edch za\u0159\u00edzen\u00ed, speci\u00e1ln\u00edm pedagog\u016fm, uchaze\u010d\u016fm, kte\u0159\u00ed maj\u00ed doklad o odborn\u00e9 kvalifikaci \u00fa\u010dastn\u00edka pro p\u0159\u00edmou pedagogickou \u010dinnost u\u010ditele nebo vychovatele (z\u00e1kon \u010d. 563\/2004 Sb., v platn\u00e9m zn\u011bn\u00ed). Absolvent z\u00edsk\u00e1 odbornou zp\u016fsobilost vykon\u00e1vat \u010dinnosti logopedick\u00e9ho asistenta dle \u010cl. IV p\u00edsmene c).<\/p>\n<div class=\"tribe-events-single-event-description tribe-events-content\"><\/div>\n<div class=\"tribe-events-single-event-description tribe-events-content\"><strong><span style=\"color: #141412; font-family: 'Source Sans Pro';\">D\u00e9lka programu<\/span><\/strong><span style=\"color: #141412; font-family: 'Source Sans Pro';\"> \u2013 40 vyu\u010dovac\u00edch hodin + 20 hodin praxe<br \/>\n<\/span><\/div>\n<div class=\"tribe-events-single-event-description tribe-events-content\"><\/div>\n<div class=\"tribe-events-single-event-description tribe-events-content\"><strong><span style=\"color: #141412; font-family: 'Source Sans Pro';\">Cena programu<\/span><\/strong><span style=\"color: #141412; font-family: 'Source Sans Pro';\"> \u2013\u00a0 5 600.- K\u010d\u00a0 (v\u010detn\u011b \u00fahrady za praxi a zkou\u0161ku)<br \/>\n<\/span><\/div>\n<div class=\"tribe-events-single-event-description tribe-events-content\"><\/div>\n<div class=\"tribe-events-single-event-description tribe-events-content\">\n<p><strong><span style=\"color: #141412; font-family: 'Source Sans Pro';\">M\u00edsto kon\u00e1n\u00ed<\/span><\/strong><span style=\"color: #141412; font-family: 'Source Sans Pro';\"> \u2013 \u010cesk\u00e9 Bud\u011bjovice, \u010cechova 1<\/span><\/p>\n<p><strong>P\u0159ihl\u00e1\u0161ka &#8211;\u00a0 <span style=\"color: #ff00ff;\"><a style=\"color: #ff00ff;\" href=\"http:\/\/remizka.cz\/wordpress\/wp-content\/uploads\/2017\/01\/Prihlaska-od-22.9.2017_LOGOPEDICKY-ASISTENT.doc\">Prihlaska od 22.9.2017_LOGOPEDICKY ASISTENT<\/a><\/span><\/strong><\/p>\n<\/div>\n<p>&nbsp;<\/p>\n<p>&nbsp;<\/p>\n<p>&nbsp;<\/p>\n<table class=\"dataTable\">\n<tbody>\n<tr class=\"even\">\n<th><\/th>\n<td><\/td>\n<\/tr>\n<\/tbody>\n<\/table>\n<p>&nbsp;<\/p>","excerpt":"","image":false,"all_day":false,"start_date":"2017-09-22 09:00:00","start_date_details":{"year":"2017","month":"09","day":"22","hour":"09","minutes":"00","seconds":"00"},"end_date":"2017-09-22 15:30:00","end_date_details":{"year":"2017","month":"09","day":"22","hour":"15","minutes":"30","seconds":"00"},"utc_start_date":"2017-09-22 08:00:00","utc_start_date_details":{"year":"2017","month":"09","day":"22","hour":"08","minutes":"00","seconds":"00"},"utc_end_date":"2017-09-22 14:30:00","utc_end_date_details":{"year":"2017","month":"09","day":"22","hour":"14","minutes":"30","seconds":"00"},"timezone":"UTC+1","timezone_abbr":"","cost":"","cost_details":{"currency_symbol":"","currency_position":"prefix","values":[]},"website":"","show_map":true,"show_map_link":true,"hide_from_listings":false,"sticky":false,"featured":false,"categories":[{"name":"Inkluze","slug":"inkluze","term_group":0,"term_taxonomy_id":16,"taxonomy":"tribe_events_cat","description":"","parent":0,"count":11,"filter":"raw","id":16,"urls":{"self":"https:\/\/remizka.cz\/index.php?rest_route=\/tribe\/events\/v1\/categories\/16","collection":"https:\/\/remizka.cz\/index.php?rest_route=\/tribe\/events\/v1\/categories"}},{"name":"Speci\u00e1ln\u00ed pedagogika a prevence","slug":"specialni_pedagogika","term_group":0,"term_taxonomy_id":6,"taxonomy":"tribe_events_cat","description":"","parent":0,"count":37,"filter":"raw","id":6,"urls":{"self":"https:\/\/remizka.cz\/index.php?rest_route=\/tribe\/events\/v1\/categories\/6","collection":"https:\/\/remizka.cz\/index.php?rest_route=\/tribe\/events\/v1\/categories"}}],"tags":[],"venue":[],"organizer":[],"json_ld":{"@context":"http:\/\/schema.org","@type":"Event","name":"Prim\u00e1rn\u00ed logopedick\u00e1 prevence v M\u0160 a na 1. st. Z\u0160 &#8211; realizace od z\u00e1\u0159\u00ed 2017","description":"&lt;p&gt;C\u00edlem vzd\u011bl\u00e1vac\u00edho programu je z\u00edsk\u00e1n\u00ed odborn\u00fdch p\u0159edpoklad\u016f \u00fa\u010dastn\u00edk\u016f pro pr\u00e1ci logopedick\u00e9ho asistenta ve \u0161kolsk\u00e9m za\u0159\u00edzen\u00ed v souladu s ustanoven\u00edm \u010dl\u00e1nku IV p\u00edsm. c) a \u010dl. V 1. odst. Metodick\u00e9ho doporu\u010den\u00ed \u010d. j. 14712\/2009-61 k zabezpe\u010den\u00ed logopedick\u00e9 p\u00e9\u010de ve \u0161kolstv\u00ed. Logopedick\u00fd asistent, kter\u00fd z\u00edskal odbornou zp\u016fsobilost podle \u010dl. IV p\u00edsm. c) se zam\u011b\u0159uje zejm\u00e9na: na podporu &hellip; &lt;a href=&quot;https:\/\/remizka.cz\/?tribe_events=primarni-logopedicka-prevence-v-ms-a-na-1-st-zs&quot; class=&quot;more-link&quot;&gt;Pokra\u010dov\u00e1n\u00ed textu &lt;span class=&quot;screen-reader-text&quot;&gt;Prim\u00e1rn\u00ed logopedick\u00e1 prevence v M\u0160 a na 1. st. Z\u0160 &#8211; realizace od z\u00e1\u0159\u00ed 2017&lt;\/span&gt; &lt;span class=&quot;meta-nav&quot;&gt;&rarr;&lt;\/span&gt;&lt;\/a&gt;&lt;\/p&gt;\\n","url":"https:\/\/remizka.cz\/?tribe_events=primarni-logopedicka-prevence-v-ms-a-na-1-st-zs","startDate":"2017-09-22 08:00:00","endDate":"2017-09-22 14:30:00"}}