{"id":829,"global_id":"remizka.cz?id=829","global_id_lineage":["remizka.cz?id=829"],"author":"2","status":"publish","date":"2017-01-01 17:12:19","date_utc":"2017-01-01 16:12:19","modified":"2017-01-29 18:09:06","modified_utc":"2017-01-29 17:09:06","url":"https:\/\/remizka.cz\/?tribe_events=moznosti-hodnoceni-zaku-se-specialnimi-vzdelavacimi-potrebami","rest_url":"https:\/\/remizka.cz\/index.php?rest_route=\/tribe\/events\/v1\/events\/829","title":"Mo\u017enosti hodnocen\u00ed \u017e\u00e1k\u016f se speci\u00e1ln\u00edmi vzd\u011bl\u00e1vac\u00edmi pot\u0159ebami","description":"<p>C\u00edlem vzd\u011bl\u00e1vac\u00edho programu je p\u0159edstavit \u00fa\u010dastn\u00edk\u016fm r\u016fzn\u00e9 mo\u017enosti hodnocen\u00ed \u017e\u00e1k\u016f se SVP v souvislosti se spole\u010dn\u00fdm \u2013 inkluzivn\u00edm vzd\u011bl\u00e1v\u00e1n\u00edm a upozornit je na zm\u011bny vznikl\u00e9 v\u00a0souvislosti s novelou \u0161kolsk\u00e9ho z\u00e1kona a prov\u00e1d\u011bc\u00ed vyhl\u00e1\u0161ky (\u00a716).\u00a0 Semin\u00e1\u0159 se v\u011bnuje form\u00e1m a metod\u00e1m hodnocen\u00ed v souvislosti se \u0161kolsk\u00fdm z\u00e1konem, kter\u00fd zrovnopr\u00e1v\u0148uje klasifikaci a slovn\u00ed hodnocen\u00ed. P\u0159edstavuje hodnocen\u00ed jako pozitivn\u00ed n\u00e1stroj motivace a jako jeden z faktor\u016f ovliv\u0148uj\u00edc\u00edch kvalitu vzd\u011bl\u00e1v\u00e1n\u00ed. Upozor\u0148uje na problematiku sebehodnocen\u00ed a tvorby portfolia \u017e\u00e1k\u016f jako jeden ze zp\u016fsob\u016f hodnocen\u00ed.<\/p>\n<p><!-- [if lt IE 9]>\n\t<script src=\"http:\/\/remizka.cz\/wordpress\/wp-content\/themes\/twentythirteen\/js\/html5.js\"><\/script>\n\t<![endif]--><script type=\"text\/javascript\">\/\/ <![CDATA[\nwindow._wpemojiSettings = {\"baseUrl\":\"http:\\\/\\\/s.w.org\\\/images\\\/core\\\/emoji\\\/72x72\\\/\",\"ext\":\".png\",\"source\":{\"concatemoji\":\"http:\\\/\\\/remizka.cz\\\/wordpress\\\/wp-includes\\\/js\\\/wp-emoji-release.min.js?ver=4.2.10\"}};\n\t\t\t!function(a,b,c){function d(a){var c=b.createElement(\"canvas\"),d=c.getContext&#038;&#038;c.getContext(\"2d\");return d&#038;&#038;d.fillText?(d.textBaseline=\"top\",d.font=\"600 32px Arial\",\"flag\"===a?(d.fillText(String.fromCharCode(55356,56812,55356,56807),0,0),c.toDataURL().length>3e3):(d.fillText(String.fromCharCode(55357,56835),0,0),0!==d.getImageData(16,16,1,1).data[0])):!1}function e(a){var c=b.createElement(\"script\");c.src=a,c.type=\"text\/javascript\",b.getElementsByTagName(\"head\")[0].appendChild(c)}var f,g;c.supports={simple:d(\"simple\"),flag:d(\"flag\")},c.DOMReady=!1,c.readyCallback=function(){c.DOMReady=!0},c.supports.simple&#038;&#038;c.supports.flag||(g=function(){c.readyCallback()},b.addEventListener?(b.addEventListener(\"DOMContentLoaded\",g,!1),a.addEventListener(\"load\",g,!1)):(a.attachEvent(\"onload\",g),b.attachEvent(\"onreadystatechange\",function(){\"complete\"===b.readyState&#038;&#038;c.readyCallback()})),f=c.source||{},f.concatemoji?e(f.concatemoji):f.wpemoji&#038;&#038;f.twemoji&#038;&#038;(e(f.twemoji),e(f.wpemoji)))}(window,document,window._wpemojiSettings);\n\/\/ ]]><\/script><script src=\"http:\/\/remizka.cz\/wordpress\/wp-includes\/js\/wp-emoji-release.min.js?ver=4.2.10\" type=\"text\/javascript\"><\/script><!-- [if lt IE 9]>\n\t\n\t\n\t\n\t<link rel='stylesheet' id='twentythirteen-ie-css'  href='http:\/\/remizka.cz\/wordpress\/wp-content\/themes\/twentythirteen\/css\/ie.css?ver=2013-07-18' type='text\/css' media='all' \/>\n<![endif]--><script src=\"http:\/\/remizka.cz\/wordpress\/wp-includes\/js\/jquery\/jquery.js?ver=1.11.2\" type=\"text\/javascript\"><\/script><script src=\"http:\/\/remizka.cz\/wordpress\/wp-includes\/js\/jquery\/jquery-migrate.min.js?ver=1.2.1\" type=\"text\/javascript\"><\/script><script src=\"http:\/\/remizka.cz\/wordpress\/wp-content\/plugins\/the-events-calendar\/vendor\/jquery-resize\/jquery.ba-resize.min.js?ver=1.1\" type=\"text\/javascript\"><\/script><script type=\"text\/javascript\">\/\/ <![CDATA[\nvar tribe_js_config = {\"permalink_settings\":\"\",\"events_post_type\":\"tribe_events\",\"events_base\":\"http:\\\/\\\/remizka.cz?post_type=tribe_events\"};\n\/\/ ]]><\/script><script src=\"http:\/\/remizka.cz\/wordpress\/wp-content\/plugins\/the-events-calendar\/src\/resources\/js\/tribe-events.min.js?ver=4.0.7\" type=\"text\/javascript\"><\/script><script type=\"application\/ld+json\">\/\/ <![CDATA[\n[{\"@context\":\"http:\/\/schema.org\",\"@type\":\"Event\",\"name\":\"Stres \\u2013 prevence a efektivn\\u00ed zvl\\u00e1d\\u00e1n\\u00ed stresov\\u00fdch situac\\u00ed ve \\u0161koln\\u00edm prost\\u0159ed\\u00ed\",\"description\":\"&lt;p&gt;C\\u00edlem semin\\u00e1\\u0159e je teoreticky i prakticky sezn\\u00e1mit pedagogy s\\u00a0mo\\u017enostmi prevence v\\u016f\\u010di nejr\\u016fzn\\u011bj\\u0161\\u00edm \\u0161kodliv\\u00fdm vliv\\u016fm,\\u00a0 kter\\u00e9 jsou emocion\\u00e1ln\\u011b n\\u00e1ro\\u010dn\\u00e9, a kter\\u00e9 mohou v\\u00e9st k\\u00a0t\\u011blesn\\u00e9mu, citov\\u00e9mu a du\\u0161evn\\u00edmu vy\\u010derp\\u00e1n\\u00ed pedagoga. Obsah interaktivn\\u00edho semin\\u00e1\\u0159e se zam\\u011b\\u0159uje na pracovn\\u00ed z\\u00e1t\\u011b\\u017ee ve \\u0161koln\\u00edm prost\\u0159ed\\u00ed a psychohygienick\\u00e1 doporu\\u010den\\u00ed - \\u00faprava \\u017eivotn\\u00edho stylu, efektivn\\u00ed zach\\u00e1zen\\u00ed s\\u00a0\\u010dasem, \\u0159e\\u0161en\\u00ed p\\u0159\\u00edpadov\\u00fdch situac\\u00ed, osvojen\\u00ed si postup\\u016f &hellip; &lt;a href=&quot;http:\/\/remizka.cz\/?tribe_events=stres-prevence-a-efektivni-zvladani-stresovych-situaci-ve-skolnim-prostredi&quot; class=&quot;more-link&quot;&gt;Pokra\\u010dov\\u00e1n\\u00ed textu &lt;span class=&quot;screen-reader-text&quot;&gt;Stres \\u2013 prevence a efektivn\\u00ed zvl\\u00e1d\\u00e1n\\u00ed stresov\\u00fdch situac\\u00ed ve \\u0161koln\\u00edm prost\\u0159ed\\u00ed&lt;\/span&gt; &lt;span class=&quot;meta-nav&quot;&gt;&rarr;&lt;\/span&gt;&lt;\/a&gt;&lt;\/p&gt;\\\\n\",\"url\":\"http:\/\/remizka.cz\/?tribe_events=stres-prevence-a-efektivni-zvladani-stresovych-situaci-ve-skolnim-prostredi\",\"startDate\":\"2016-06-16T08:00:00+00:00\",\"endDate\":\"2016-06-16T14:00:00+00:00\"}]\n\/\/ ]]><\/script><\/p>\n<div id=\"page\" class=\"hfeed site\">\n<div id=\"main\" class=\"site-main\">\n<div id=\"tribe-events-pg-template\">\n<div id=\"tribe-events\" data-category=\"\" data-datepicker_format=\"2\" data-live_ajax=\"1\">\n<div id=\"tribe-events-content\" class=\"tribe-events-single\">\n<div id=\"post-349\" class=\"post-349 tribe_events type-tribe_events status-publish hentry tribe_events_cat-specialni_pedagogika cat_specialni_pedagogika\">\n<div class=\"tribe-events-single-event-description tribe-events-content\">\n<p>Semin\u00e1\u0159 prob\u00edh\u00e1 interaktivn\u00ed formou \u2013 diskuze, modelov\u00e9 situace, uk\u00e1zka r\u016fzn\u00fdch metod pr\u00e1ce (skupinov\u00e1 pr\u00e1ce, praktick\u00e9 \u010dinnosti, projekty) a vyvozen\u00ed zp\u016fsobu hodnocen\u00ed.<\/p>\n<p>Semin\u00e1\u0159 vede lektorka<strong>\u00a0<\/strong><strong>Mgr. Dana For\u00fdtkov\u00e1 \u2013<\/strong><strong>\u00a0<\/strong>kou\u010d, mentor, konzultantka, supervizorka, lektorka v\u00fdcvikov\u00fdch semin\u00e1\u0159\u016f pro pedagogy i ve\u0159ejnost, odborn\u00fd garant vzd\u011bl\u00e1vac\u00edch program\u016f, autorizovan\u00e1 osoba pro 5 obor\u016f kvalifikac\u00ed NSK. Orientuje se p\u0159edev\u0161\u00edm na realizaci \u0161kolsk\u00e9 reformy, vyu\u010duje metody aktivn\u00edho u\u010den\u00ed, OSV, soft skills (mana\u017eersk\u00e9 dovednosti, komunika\u010dn\u00ed dovednosti, lektorsk\u00e9 a konzulta\u010dn\u00ed dovednosti, t\u00fdmovou spolupr\u00e1ci, zvl\u00e1d\u00e1n\u00ed a prevence stresu, etiku) a semin\u00e1\u0159e zam\u011b\u0159en\u00e9 na prevenci patologick\u00fdch jev\u016f v\u010detn\u011b \u0161ikany, klimatu t\u0159\u00eddy a dal\u0161\u00ed. Od roku 2008 p\u016fsob\u00ed jako mentor, kou\u010d a supervizor v\u00a0projektech N\u00daV, NIDV, Vyso\u010dina Education, Itelligence, Spole\u010dnost pro kvalitu \u0161koly. Je autorkou \u0159ady metodick\u00fdch materi\u00e1l\u016f (distan\u010dn\u00ed texty, skripta, metodiky) pro FF UP Olomouc, NIDV, NUV, Asi_milovani, Amnesty International \u010cR a KVIC Nov\u00fd Ji\u010d\u00edn.<\/p>\n<p align=\"justify\"><strong>Ur\u010deno <\/strong>\u2013 pedagogick\u00fdm pracovn\u00edk\u016fm v\u0161ech typ\u016f a stup\u0148\u016f \u0161kol a \u0161kolsk\u00fdch za\u0159\u00edzen\u00ed, vzd\u011bl\u00e1vac\u00ed program doporu\u010dujeme tak\u00e9 pedagogick\u00fdm sbor\u016fm \u0161kol.<\/p>\n<p><strong><span style=\"color: #141412; font-family: 'Source Sans Pro';\">D\u00e9lka programu<\/span><\/strong><span style=\"color: #141412; font-family: 'Source Sans Pro';\"> \u2013 8 vyu\u010dovac\u00edch hodin<\/span><\/p>\n<p><strong><span style=\"color: #141412; font-family: 'Source Sans Pro';\"><span style=\"color: #141412; font-family: 'Source Sans Pro';\">Cena programu<\/span><\/span><\/strong><span style=\"color: #141412; font-family: 'Source Sans Pro';\"><span style=\"color: #141412; font-family: 'Source Sans Pro';\"> \u2013 850.- K\u010d<\/span><\/span><\/p>\n<p><strong><span style=\"color: #141412; font-family: 'Source Sans Pro';\"><span style=\"color: #141412; font-family: 'Source Sans Pro';\">M\u00edsto kon\u00e1n\u00ed<\/span><\/span><\/strong><span style=\"color: #141412; font-family: 'Source Sans Pro';\"><span style=\"color: #141412; font-family: 'Source Sans Pro';\"> \u2013 \u010cesk\u00e9 Bud\u011bjovice, \u010cechova 1<\/span><\/span><\/p>\n<p><strong>P\u0159ihl\u00e1\u0161ka &#8211;\u00a0 <span style=\"color: #ff0000;\"><a style=\"color: #ff0000;\" href=\"http:\/\/remizka.cz\/wordpress\/wp-content\/uploads\/2017\/01\/22_Mo\u017enosti-hodnocen\u00ed-\u017e\u00e1k\u016f-se-speci\u00e1ln\u00edmi-vzd\u011bl\u00e1vac\u00edmi-pot\u0159ebami_CB_11.5.2017_Prihlaska_REMIZKA.doc\">Mo\u017enosti hodnocen\u00ed \u017e\u00e1k\u016f se speci\u00e1ln\u00edmi vzd\u011bl\u00e1vac\u00edmi pot\u0159ebami_CB_11.5.2017<\/a><\/span><\/strong><\/p>\n<\/div>\n<\/div>\n<\/div>\n<\/div>\n<\/div>\n<\/div>\n<\/div>","excerpt":"","image":false,"all_day":false,"start_date":"2017-05-11 09:00:00","start_date_details":{"year":"2017","month":"05","day":"11","hour":"09","minutes":"00","seconds":"00"},"end_date":"2017-05-11 14:00:00","end_date_details":{"year":"2017","month":"05","day":"11","hour":"14","minutes":"00","seconds":"00"},"utc_start_date":"2017-05-11 08:00:00","utc_start_date_details":{"year":"2017","month":"05","day":"11","hour":"08","minutes":"00","seconds":"00"},"utc_end_date":"2017-05-11 13:00:00","utc_end_date_details":{"year":"2017","month":"05","day":"11","hour":"13","minutes":"00","seconds":"00"},"timezone":"UTC+1","timezone_abbr":"","cost":"","cost_details":{"currency_symbol":"","currency_position":"prefix","values":[]},"website":"","show_map":true,"show_map_link":true,"hide_from_listings":false,"sticky":false,"featured":false,"categories":[],"tags":[],"venue":[],"organizer":[],"json_ld":{"@context":"http:\/\/schema.org","@type":"Event","name":"Mo\u017enosti hodnocen\u00ed \u017e\u00e1k\u016f se speci\u00e1ln\u00edmi vzd\u011bl\u00e1vac\u00edmi pot\u0159ebami","description":"&lt;p&gt;C\u00edlem vzd\u011bl\u00e1vac\u00edho programu je p\u0159edstavit \u00fa\u010dastn\u00edk\u016fm r\u016fzn\u00e9 mo\u017enosti hodnocen\u00ed \u017e\u00e1k\u016f se SVP v souvislosti se spole\u010dn\u00fdm \u2013 inkluzivn\u00edm vzd\u011bl\u00e1v\u00e1n\u00edm a upozornit je na zm\u011bny vznikl\u00e9 v\u00a0souvislosti s novelou \u0161kolsk\u00e9ho z\u00e1kona a prov\u00e1d\u011bc\u00ed vyhl\u00e1\u0161ky (\u00a716).\u00a0 Semin\u00e1\u0159 se v\u011bnuje form\u00e1m a metod\u00e1m hodnocen\u00ed v souvislosti se \u0161kolsk\u00fdm z\u00e1konem, kter\u00fd zrovnopr\u00e1v\u0148uje klasifikaci a slovn\u00ed hodnocen\u00ed. P\u0159edstavuje hodnocen\u00ed jako &hellip; &lt;a href=&quot;https:\/\/remizka.cz\/?tribe_events=moznosti-hodnoceni-zaku-se-specialnimi-vzdelavacimi-potrebami&quot; class=&quot;more-link&quot;&gt;Pokra\u010dov\u00e1n\u00ed textu &lt;span class=&quot;screen-reader-text&quot;&gt;Mo\u017enosti hodnocen\u00ed \u017e\u00e1k\u016f se speci\u00e1ln\u00edmi vzd\u011bl\u00e1vac\u00edmi pot\u0159ebami&lt;\/span&gt; &lt;span class=&quot;meta-nav&quot;&gt;&rarr;&lt;\/span&gt;&lt;\/a&gt;&lt;\/p&gt;\\n","url":"https:\/\/remizka.cz\/?tribe_events=moznosti-hodnoceni-zaku-se-specialnimi-vzdelavacimi-potrebami","startDate":"2017-05-11 08:00:00","endDate":"2017-05-11 13:00:00"}}