{"id":760,"global_id":"remizka.cz?id=760","global_id_lineage":["remizka.cz?id=760"],"author":"2","status":"publish","date":"2016-09-17 18:12:35","date_utc":"2016-09-17 17:12:35","modified":"2017-02-12 20:27:37","modified_utc":"2017-02-12 19:27:37","url":"https:\/\/remizka.cz\/?tribe_events=vvs-kompetence-uzemnich-samospravnych-celku-k-jimi-zrizovanym-skolam-a-skolskym-zarizenim","rest_url":"https:\/\/remizka.cz\/index.php?rest_route=\/tribe\/events\/v1\/events\/760","title":"VVS &#8211; Kompetence \u00fazemn\u00edch samospr\u00e1vn\u00fdch celk\u016f k jimi z\u0159izovan\u00fdm \u0161kol\u00e1m a \u0161kolsk\u00fdm za\u0159\u00edzen\u00edm","description":"<p><span style=\"color: #0000ff;\"><strong>Kompetence \u00fazemn\u00edch samospr\u00e1vn\u00fdch celk\u016f k jimi z\u0159izovan\u00fdm \u0161kol\u00e1m a \u0161kolsk\u00fdm za\u0159\u00edzen\u00edm<\/strong><\/span><\/p>\n<p>Obsah kurzu se zam\u011b\u0159uje na problematick\u00e9 ot\u00e1zky v oblasti vztah\u016f a kompetenc\u00ed z\u0159izovatele (obec, m\u011bsto, kraj) k j\u00edm z\u0159izovan\u00fdm \u0161kol\u00e1m a \u0161kolsk\u00fdm za\u0159\u00edzen\u00edm. Sou\u010d\u00e1st\u00ed kurzu jsou metodick\u00e9 n\u00e1vody k postup\u016fm v oblasti samostatn\u00e9 a p\u0159enesen\u00e9 p\u016fsobnosti, konkurzn\u00ed vyhl\u00e1\u0161ka, \u010dinnost \u0161kolsk\u00fdch rad, hodnocen\u00ed pr\u00e1ce \u0159editel\u016f aj.<\/p>\n<p><u>V\u00fdb\u011br z obsahu kurzu:<\/u><\/p>\n<ol>\n<li>Legislativn\u00ed r\u00e1mec &#8211; z\u00e1konn\u00e9 normy a prov\u00e1d\u011bc\u00ed p\u0159edpisy, pr\u00e1vn\u00ed postaven\u00ed \u00daSC, samostatn\u00e1 a p\u0159enesen\u00e1 p\u016fsobnost v oblasti \u0161kolstv\u00ed, kompetence org\u00e1n\u016f \u00daSC v oblasti \u0161kolstv\u00ed aj.<\/li>\n<li>P\u016fsobnost \u00daSC v oblasti \u0161kolstv\u00ed, v\u00fdkon z\u0159izovatelsk\u00fdch kompetenc\u00ed &#8211; pr\u00e1vn\u00ed postaven\u00ed \u0161kol a \u0161kolsk\u00fdch za\u0159\u00edzen\u00ed, rozd\u00edlnost pr\u00e1vn\u00edch forem \u2013 p\u0159\u00edsp\u011bvkov\u00e1 organizace, \u0161kolsk\u00e1 pr\u00e1vnick\u00e1 osoba, z\u0159izov\u00e1n\u00ed, zm\u011bny a ru\u0161en\u00ed \u0161kol a \u0161kolsk\u00fdch za\u0159\u00edzen\u00ed, obsah z\u0159izovac\u00ed listiny, z\u00e1pis do obchodn\u00edho rejst\u0159\u00edku, \u0161kolsk\u00e9ho rejst\u0159\u00edku, rejst\u0159\u00edku \u0161kolsk\u00fdch pr\u00e1vnick\u00fdch osob.<\/li>\n<li>\u010cinnost \u0161kol a \u0161kolsk\u00fdch za\u0159\u00edzen\u00ed ve vztahu k \u00daSC &#8211; pln\u011bn\u00ed hlavn\u00edho \u00fa\u010delu, zodpov\u011bdnost \u0159editele \u0161koly, spr\u00e1vn\u00ed \u0159\u00edzen\u00ed v praxi \u0161kol a \u0161kolsk\u00fdch za\u0159\u00edzen\u00ed, syst\u00e9m financov\u00e1n\u00ed \u0161kol a \u0161kolsk\u00fdch za\u0159\u00edzen\u00ed, vyu\u017eit\u00ed disponibiln\u00edch zdroj\u016f, role \u00daSC, p\u0159\u00edm\u00fd vztah z\u0159izovatele ke \u0161kole a \u0161kol. za\u0159\u00edzen\u00ed, metodick\u00e9 postupy hodnocen\u00ed pln\u011bn\u00ed hlavn\u00edho \u00fa\u010delu a hodnocen\u00ed pr\u00e1ce \u0159editele z\u0159izovatelem, problematika \u0159e\u0161en\u00ed st\u00ed\u017enost\u00ed, kompetence a pod\u00edl z\u0159izovatele na \u010dinnosti \u0161kolsk\u00e9 rady, pracovn\u011b pr\u00e1vn\u00ed problematika, jmenov\u00e1n\u00ed a odvol\u00e1n\u00ed \u0159editele \u0161koly, vyhl\u00e1\u0161en\u00ed a pr\u016fb\u011bh konkurzn\u00edho \u0159\u00edzen\u00ed aj.<\/li>\n<li>P\u0159\u00edklady z praxe, aktu\u00e1ln\u00ed ot\u00e1zky v oblasti \u0161kolstv\u00ed, diskuse, metodick\u00e9 postupy a vzory (z\u0159izovac\u00ed listiny, postup pro odm\u011b\u0148ov\u00e1n\u00ed a hodnocen\u00ed \u0159editel\u016f, pravidla vztah\u016f z\u0159izovatele ke \u0161kol\u00e1m a \u0161kolsk\u00fdm za\u0159\u00edzen\u00edm, mo\u017en\u00e9 p\u0159enosy n\u011bkter\u00fdch kompetenc\u00ed na org\u00e1ny z\u0159izovatele (v\u011bcn\u011b p\u0159\u00edslu\u0161n\u00fd odbor obecn\u00edho nebo m\u011bstsk\u00e9ho \u00fa\u0159adu, magistr\u00e1tu, krajsk\u00e9ho \u00fa\u0159adu), hlavn\u00ed nedostatky p\u0159i pod\u00e1n\u00ed \u017e\u00e1dost\u00ed o z\u00e1pis a z\u00e1pis zm\u011bny ve \u0161kolsk\u00e9m rejst\u0159\u00edku.<\/li>\n<\/ol>\n<p><strong>Ur\u010deno:\u00a0 <\/strong>\u00da\u0159edn\u00edk\u016fm \u00fazemn\u00edch samospr\u00e1vn\u00fdch celk\u016f v\u010detn\u011b vedouc\u00edch \u00fa\u0159edn\u00edk\u016f, kte\u0159\u00ed vykon\u00e1vaj\u00ed \u010dinnost v oblasti \u0161kolstv\u00ed, a d\u00e1le vedouc\u00edm \u00fa\u0159ad\u016f a \u00fa\u0159edn\u00edk\u016fm prov\u00e1d\u011bj\u00edc\u00edm kontroln\u00ed \u010dinnost na \u0161kol\u00e1ch a \u0161kolsk\u00fdch za\u0159\u00edzen\u00edch, starost\u016fm a \u010dlen\u016fm zastupitelstev.<\/p>\n<p><strong>Lektor:\u00a0 <\/strong>Mgr. Ji\u0159\u00ed Hol\u00fd, dlouholet\u00fd odborn\u00edk v\u00a0oblasti region\u00e1ln\u00edho \u0161kolstv\u00ed<\/p>\n<p><strong>\u010casov\u00e1 dotace:<\/strong>\u00a0 6 hod.<\/p>\n<p><strong>Cena:<\/strong>\u00a0 870 K\u010d\/os.<\/p>\n<p><strong>M\u00edsto kon\u00e1n\u00ed:<\/strong>\u00a0 \u010cechova 1, 370 01 \u010cesk\u00e9 Bud\u011bjovice 6<\/p>\n<p><strong>P\u0159ihl\u00e1\u0161ka:\u00a0<\/strong><\/p>\n<p><strong>K\u00f3d akce:\u00a0\u00a0 <\/strong>002<\/p>\n<p><span style=\"color: #ff0000;\"><strong>Upozorn\u011bn\u00ed:\u00a0 <\/strong><\/span>Da\u0148ov\u00fd doklad je vystavov\u00e1n podle prezen\u010dn\u00ed listiny.\u00a0 <strong>\u00da\u010dastn\u00edk\u016fm je da\u0148ov\u00fd doklad p\u0159ed\u00e1n na z\u00e1v\u011br vzd\u011bl\u00e1vac\u00edho kurzu spolu s\u00a0osv\u011bd\u010den\u00edm.<\/strong><\/p>","excerpt":"","image":false,"all_day":false,"start_date":"2017-02-09 09:00:00","start_date_details":{"year":"2017","month":"02","day":"09","hour":"09","minutes":"00","seconds":"00"},"end_date":"2017-02-09 14:15:00","end_date_details":{"year":"2017","month":"02","day":"09","hour":"14","minutes":"15","seconds":"00"},"utc_start_date":"2017-02-09 08:00:00","utc_start_date_details":{"year":"2017","month":"02","day":"09","hour":"08","minutes":"00","seconds":"00"},"utc_end_date":"2017-02-09 13:15:00","utc_end_date_details":{"year":"2017","month":"02","day":"09","hour":"13","minutes":"15","seconds":"00"},"timezone":"UTC+1","timezone_abbr":"","cost":"","cost_details":{"currency_symbol":"","currency_position":"prefix","values":[]},"website":"","show_map":true,"show_map_link":true,"hide_from_listings":false,"sticky":false,"featured":false,"categories":[],"tags":[],"venue":[],"organizer":[],"json_ld":{"@context":"http:\/\/schema.org","@type":"Event","name":"VVS &#8211; Kompetence \u00fazemn\u00edch samospr\u00e1vn\u00fdch celk\u016f k jimi z\u0159izovan\u00fdm \u0161kol\u00e1m a \u0161kolsk\u00fdm za\u0159\u00edzen\u00edm","description":"&lt;p&gt;Kompetence \u00fazemn\u00edch samospr\u00e1vn\u00fdch celk\u016f k jimi z\u0159izovan\u00fdm \u0161kol\u00e1m a \u0161kolsk\u00fdm za\u0159\u00edzen\u00edm Obsah kurzu se zam\u011b\u0159uje na problematick\u00e9 ot\u00e1zky v oblasti vztah\u016f a kompetenc\u00ed z\u0159izovatele (obec, m\u011bsto, kraj) k j\u00edm z\u0159izovan\u00fdm \u0161kol\u00e1m a \u0161kolsk\u00fdm za\u0159\u00edzen\u00edm. Sou\u010d\u00e1st\u00ed kurzu jsou metodick\u00e9 n\u00e1vody k postup\u016fm v oblasti samostatn\u00e9 a p\u0159enesen\u00e9 p\u016fsobnosti, konkurzn\u00ed vyhl\u00e1\u0161ka, \u010dinnost \u0161kolsk\u00fdch rad, hodnocen\u00ed pr\u00e1ce \u0159editel\u016f &hellip; &lt;a href=&quot;https:\/\/remizka.cz\/?tribe_events=vvs-kompetence-uzemnich-samospravnych-celku-k-jimi-zrizovanym-skolam-a-skolskym-zarizenim&quot; class=&quot;more-link&quot;&gt;Pokra\u010dov\u00e1n\u00ed textu &lt;span class=&quot;screen-reader-text&quot;&gt;VVS &#8211; Kompetence \u00fazemn\u00edch samospr\u00e1vn\u00fdch celk\u016f k jimi z\u0159izovan\u00fdm \u0161kol\u00e1m a \u0161kolsk\u00fdm za\u0159\u00edzen\u00edm&lt;\/span&gt; &lt;span class=&quot;meta-nav&quot;&gt;&rarr;&lt;\/span&gt;&lt;\/a&gt;&lt;\/p&gt;\\n","url":"https:\/\/remizka.cz\/?tribe_events=vvs-kompetence-uzemnich-samospravnych-celku-k-jimi-zrizovanym-skolam-a-skolskym-zarizenim","startDate":"2017-02-09 08:00:00","endDate":"2017-02-09 13:15:00"}}