{"id":681,"global_id":"remizka.cz?id=681","global_id_lineage":["remizka.cz?id=681"],"author":"2","status":"publish","date":"2016-08-01 11:25:43","date_utc":"2016-08-01 10:25:43","modified":"2018-02-15 00:55:45","modified_utc":"2018-02-14 23:55:45","url":"https:\/\/remizka.cz\/?tribe_events=uvod-do-karierove-poradenstvi-pro-ucitele-zs-a-ss","rest_url":"https:\/\/remizka.cz\/index.php?rest_route=\/tribe\/events\/v1\/events\/681","title":"\u00davod do kari\u00e9rov\u00e9 poradenstv\u00ed pro u\u010ditele Z\u0160 a S\u0160","description":"<p>C\u00edlem vzd\u011bl\u00e1vac\u00edho programu je poskytnout pedagogick\u00fdm pracovn\u00edk\u016fm 2. st. Z\u0160 a S\u0160 n\u00e1stroje k\u00a0pln\u011bn\u00ed\u00a0 jednoho ze z\u00e1kladn\u00edch c\u00edl\u016f RVP a to p\u0159\u00edpravu takov\u00e9ho absolventa, kter\u00fd se dok\u00e1\u017ee \u00fasp\u011b\u0161n\u011b prosadit na trhu pr\u00e1ce i v\u00a0\u017eivot\u011b. Vzd\u011bl\u00e1vac\u00ed program obsahov\u011b reaguje na po\u017eadavky, kter\u00e9 jsou dan\u00e9 vzd\u011bl\u00e1vac\u00ed oblasti \u010clov\u011bk a sv\u011bt pr\u00e1ce. C\u00edlem semin\u00e1\u0159e je uk\u00e1zat u\u010ditel\u016fm,\u00a0jak pomoci \u017e\u00e1k\u016fm orientovat se na trhu pr\u00e1ce a jak jim pomoci p\u0159i sm\u011b\u0159ov\u00e1n\u00ed v\u00a0oblasti jejich kari\u00e9rn\u00edho \u017eivota. \u00a0M\u011bl by umo\u017enit pedagog\u016fm a obzvl\u00e1\u0161t\u011b t\u0159\u00eddn\u00edm u\u010ditel\u016fm se v\u00fdrazn\u011bji, ve spolupr\u00e1ci s\u00a0v\u00fdchovn\u00fdmi poradci, pod\u00edlet na sm\u011b\u0159ov\u00e1n\u00ed \u017e\u00e1k\u016f p\u0159i v\u00fdb\u011bru profesn\u00ed dr\u00e1hy. Vzhledem k\u00a0sou\u010dasn\u00e9mu stavu ve \u0161kol\u00e1ch a vzhledem k\u00a0p\u0159et\u00ed\u017eenosti \u0161koln\u00edch v\u00fdchovn\u00fdch poradc\u016f je vzd\u011bl\u00e1vac\u00ed program ur\u010den v\u0161em pedagog\u016fm Z\u0160 a S\u0160, obzvl\u00e1\u0161t\u011b t\u0159\u00eddn\u00edm u\u010ditel\u016fm, kter\u00fdm nen\u00ed lhostejn\u00e1 budoucnost jejich \u017e\u00e1k\u016f a kte\u0159\u00ed se cht\u011bj\u00ed pod\u00edlet na jejich sm\u011b\u0159ov\u00e1n\u00ed k\u00a0budouc\u00edm profes\u00edm. U\u010ditel\u00e9 a obzvl\u00e1\u0161t\u011b t\u0159\u00eddn\u00ed u\u010ditel\u00e9, znaj\u00ed sv\u00e9 \u017e\u00e1ky nejl\u00e9pe, um\u00ed komunikovat s\u00a0jejich z\u00e1stupci, a proto mohou v\u00fdznamn\u011b pomoci v\u00fdchovn\u00fdm poradc\u016fm v\u00a0oblasti kari\u00e9rov\u00e9ho poradenstv\u00ed. Prakticky i teoreticky se \u00fa\u010dastn\u00edci sezn\u00e1m\u00ed s\u00a0t\u00edm, jak pomoci \u017e\u00e1k\u016fm p\u0159i rozhodov\u00e1n\u00ed o jejich dal\u0161\u00ed profesn\u00ed a vzd\u011bl\u00e1vac\u00ed dr\u00e1ze.<\/p>\n<p>Semin\u00e1\u0159e vede lektor<strong>\u00a0RNDr. Petr Pokorn\u00fd \u2013 <\/strong>vystudovala\u00a0 P\u0159\u00edrodov\u011bdeckou fakultu University Karlovy, u\u010ditelstv\u00ed v\u0161eobecn\u011b vzd\u011bl\u00e1vac\u00edch p\u0159edm\u011bt\u016f. Pracuje jako lektor pro \u0159adu vzd\u011bl\u00e1vac\u00edch organizac\u00ed v programech se sm\u011b\u0159ov\u00e1n\u00edm ke kari\u00e9rov\u00e9mu poradenstv\u00ed a ke\u00a0kari\u00e9rov\u00e9mu rozvoji. P\u016fsob\u00ed jako odborn\u00fd garant kvalifika\u010dn\u00edch kurz\u016f a tak\u00e9 jako zkou\u0161ej\u00edc\u00ed v\u00a0r\u00e1mci zkou\u0161ky p\u0159ed autorizovanou osobou.\u00a0 Je dr\u017eitelem certifik\u00e1tu profesn\u00ed kvalifikace \u201eKari\u00e9rov\u00fd poradce pro vzd\u011bl\u00e1vac\u00ed a profesn\u00ed dr\u00e1hu\u201c a akreditace MPSV k\u00a0po\u0159\u00e1d\u00e1n\u00ed kurzu Pracovn\u00edk v\u00a0soci\u00e1ln\u00edch slu\u017eb\u00e1ch.<\/p>\n<p><b><span style=\"color: black; font-family: 'Source Sans Pro';\">Ur\u010deno \u2013<\/span><\/b><span style=\"color: #141412; font-family: 'Source Sans Pro';\"> pedagogick\u00fdm pracovn\u00edk\u016fm 2. st. Z\u0160 a S\u0160, t\u0159\u00eddn\u00edm u\u010ditel\u016fm, v\u00fdchovn\u00fdm a kari\u00e9rov\u00fdm poradc\u016fm<br \/>\n<\/span><\/p>\n<p><strong><span style=\"color: #141412; font-family: 'Source Sans Pro';\"><span style=\"color: #141412; font-family: 'Source Sans Pro';\">D\u00e9lka programu<\/span><\/span><\/strong><span style=\"color: #141412; font-family: 'Source Sans Pro';\"><span style=\"color: #141412; font-family: 'Source Sans Pro';\"> \u2013\u00a08 vyu\u010dovac\u00edch hodin<\/span><\/span><\/p>\n<p><strong><span style=\"color: #141412; font-family: 'Source Sans Pro';\"><span style=\"color: #141412; font-family: 'Source Sans Pro';\">Cena programu<\/span><\/span><\/strong><span style=\"color: #141412; font-family: 'Source Sans Pro';\"><span style=\"color: #141412; font-family: 'Source Sans Pro';\"> \u2013\u00a0 1 100.- K\u010d<\/span><\/span><\/p>\n<p><strong><span style=\"color: #141412; font-family: 'Source Sans Pro';\"><span style=\"color: #141412; font-family: 'Source Sans Pro';\">M\u00edsto kon\u00e1n\u00ed<\/span><\/span><\/strong><span style=\"color: #141412; font-family: 'Source Sans Pro';\"><span style=\"color: #141412; font-family: 'Source Sans Pro';\"> \u2013<strong> \u010cesk\u00e9 Bud\u011bjovice, \u010cechova 1<\/strong><\/span><\/span><\/p>\n<p>P\u0159ihl\u00e1\u0161ka\u00a0 &#8211;\u00a0 <a href=\"http:\/\/remizka.cz\/wordpress\/wp-content\/uploads\/2018\/02\/\u00davod-do-kari\u00e9rov\u00e9-poradenstv\u00ed-pro-u\u010ditele-Z\u0160_4.4.2018.doc\"><span style=\"color: #ff0000;\"><strong>\u00davod do kari\u00e9rov\u00e9 poradenstv\u00ed pro u\u010ditele Z\u0160_4.4.2018<\/strong><\/span><\/a><\/p>\n<p>&nbsp;<\/p>\n<p><strong>\u00a0<\/strong><\/p>\n<p>&nbsp;<\/p>\n<p>&nbsp;<\/p>\n<p>&nbsp;<\/p>","excerpt":"","image":false,"all_day":false,"start_date":"2018-04-04 09:00:00","start_date_details":{"year":"2018","month":"04","day":"04","hour":"09","minutes":"00","seconds":"00"},"end_date":"2018-04-04 15:00:00","end_date_details":{"year":"2018","month":"04","day":"04","hour":"15","minutes":"00","seconds":"00"},"utc_start_date":"2018-04-04 08:00:00","utc_start_date_details":{"year":"2018","month":"04","day":"04","hour":"08","minutes":"00","seconds":"00"},"utc_end_date":"2018-04-04 14:00:00","utc_end_date_details":{"year":"2018","month":"04","day":"04","hour":"14","minutes":"00","seconds":"00"},"timezone":"UTC+1","timezone_abbr":"","cost":"","cost_details":{"currency_symbol":"","currency_position":"prefix","values":[]},"website":"","show_map":true,"show_map_link":true,"hide_from_listings":false,"sticky":false,"featured":false,"categories":[{"name":"Prevence a poradenstv\u00ed","slug":"prevence-a-poradenstvi","term_group":0,"term_taxonomy_id":20,"taxonomy":"tribe_events_cat","description":"","parent":0,"count":3,"filter":"raw","id":20,"urls":{"self":"https:\/\/remizka.cz\/index.php?rest_route=\/tribe\/events\/v1\/categories\/20","collection":"https:\/\/remizka.cz\/index.php?rest_route=\/tribe\/events\/v1\/categories"}}],"tags":[],"venue":[],"organizer":[],"json_ld":{"@context":"http:\/\/schema.org","@type":"Event","name":"\u00davod do kari\u00e9rov\u00e9 poradenstv\u00ed pro u\u010ditele Z\u0160 a S\u0160","description":"&lt;p&gt;C\u00edlem vzd\u011bl\u00e1vac\u00edho programu je poskytnout pedagogick\u00fdm pracovn\u00edk\u016fm 2. st. Z\u0160 a S\u0160 n\u00e1stroje k\u00a0pln\u011bn\u00ed\u00a0 jednoho ze z\u00e1kladn\u00edch c\u00edl\u016f RVP a to p\u0159\u00edpravu takov\u00e9ho absolventa, kter\u00fd se dok\u00e1\u017ee \u00fasp\u011b\u0161n\u011b prosadit na trhu pr\u00e1ce i v\u00a0\u017eivot\u011b. Vzd\u011bl\u00e1vac\u00ed program obsahov\u011b reaguje na po\u017eadavky, kter\u00e9 jsou dan\u00e9 vzd\u011bl\u00e1vac\u00ed oblasti \u010clov\u011bk a sv\u011bt pr\u00e1ce. C\u00edlem semin\u00e1\u0159e je uk\u00e1zat u\u010ditel\u016fm,\u00a0jak pomoci &hellip; &lt;a href=&quot;https:\/\/remizka.cz\/?tribe_events=uvod-do-karierove-poradenstvi-pro-ucitele-zs-a-ss&quot; class=&quot;more-link&quot;&gt;Pokra\u010dov\u00e1n\u00ed textu &lt;span class=&quot;screen-reader-text&quot;&gt;\u00davod do kari\u00e9rov\u00e9 poradenstv\u00ed pro u\u010ditele Z\u0160 a S\u0160&lt;\/span&gt; &lt;span class=&quot;meta-nav&quot;&gt;&rarr;&lt;\/span&gt;&lt;\/a&gt;&lt;\/p&gt;\\n","url":"https:\/\/remizka.cz\/?tribe_events=uvod-do-karierove-poradenstvi-pro-ucitele-zs-a-ss","startDate":"2018-04-04 08:00:00","endDate":"2018-04-04 14:00:00"}}