{"id":620,"global_id":"remizka.cz?id=620","global_id_lineage":["remizka.cz?id=620"],"author":"2","status":"publish","date":"2016-07-06 19:42:13","date_utc":"2016-07-06 18:42:13","modified":"2017-01-29 18:17:04","modified_utc":"2017-01-29 17:17:04","url":"https:\/\/remizka.cz\/?tribe_events=podpurna-opatreni-u-zaku-zakladni-skoly","rest_url":"https:\/\/remizka.cz\/index.php?rest_route=\/tribe\/events\/v1\/events\/620","title":"Spole\u010dn\u00e9 vzd\u011bl\u00e1v\u00e1n\u00ed a postupy zav\u00e1d\u011bn\u00ed podp\u016frn\u00fdch opat\u0159en\u00ed  1. \u2013 5. stupn\u011b v M\u0160 a Z\u0160 &#8211; T\u00c1BOR","description":"<p>Semin\u00e1\u0159 podrobn\u011b rozeb\u00edr\u00e1 jednotliv\u00e9 stupn\u011b\u00a0 podp\u016frn\u00fdch opat\u0159en\u00ed\u00a0 a specifika jednotliv\u00fdch stupn\u0148\u016f podp\u016frn\u00fdch opat\u0159en\u00ed ( pl\u00e1n pedagogick\u00e9 podpory, individu\u00e1ln\u00ed vzd\u011bl\u00e1vac\u00ed pl\u00e1n, asistent pedagoga, p\u016fsoben\u00ed dal\u0161\u00edch osob poskytuj\u00edc\u00edh podporu). D\u00e1le je ned\u00edlnou sou\u010d\u00e1st\u00ed obsahu postup v souvislosti s poskytov\u00e1n\u00edm podp\u016frn\u00fdch opat\u0159en\u00ed 1.stupn\u011b a 2.- 5.stupn\u011b podp\u016frn\u00fdch opat\u0159en\u00ed.\u00a0 V druh\u00e9 \u010d\u00e1sti semin\u00e1\u0159e se lektor zam\u011b\u0159uje na \u010dlen\u011bn\u00ed podp\u016frn\u00fdch opat\u0159en\u00ed, z\u00e1kladn\u00ed pravidla pro uplat\u0148ov\u00e1n\u00ed podp\u016frn\u00fdch opat\u0159en\u00ed (metody, formy, u\u010debnice, pom\u016fcky, kompenza\u010dn\u00ed pom\u016fcky apod.) a normovanou finan\u010dn\u00ed n\u00e1ro\u010dnost.\u00a0 Semin\u00e1\u0159 je specifikov\u00e1n pro z\u00e1kladn\u00ed vzd\u011bl\u00e1v\u00e1n\u00ed.<\/p>\n<p>Semin\u00e1\u0159e vede lektorka<b> Mgr. <\/b><strong>Sv\u011btlana Dr\u00e1bov\u00e1 <\/strong>\u2013 dr\u017eitelka certifik\u00e1tu &#8222;Lektor spole\u010dn\u00e9ho vzd\u011bl\u00e1v\u00e1n\u00ed&#8220;.\u00a0\u00a0 Vystudovala Pedagogickou fakultu\u00a0Technick\u00e9 univerzity v Liberci a speci\u00e1ln\u00ed pedagogiku na UJAK v Praze. Zab\u00fdv\u00e1 se p\u0159ed\u0161koln\u00ed pedagogikou, speci\u00e1ln\u011b pedagogick\u00fdm poradenstv\u00edm a diagnostikou \u010di psychopedi\u00ed. Do roku 2001 p\u016fsobila jako u\u010ditelka v mate\u0159sk\u00e9 \u0161kole,\u00a0od roku 1998 a\u017e dosud pracuje v soukrom\u00e9 speci\u00e1ln\u011b pedagogick\u00e9 praxi pro d\u011bti se specifick\u00fdmi vzd\u011bl\u00e1vac\u00edmi pot\u0159ebami (specifick\u00e9 poruchy u\u010den\u00ed \u2013 dyslexie, dysortografie, dysgrafie \u2013 grafomotorick\u00e9 obt\u00ed\u017ee, dyskalkulie, ADHD apod.). V soukrom\u00e9 praxi poskytuje odbornou p\u00e9\u010di klient\u016fm (ve v\u011bku od 4,5 do 25 let),\u00a0kte\u0159\u00ed se pot\u00fdkaj\u00ed s nejr\u016fzn\u011bj\u0161\u00edmi \u0161koln\u00edmi obt\u00ed\u017eemi. Po\u0159\u00e1d\u00e1 ji\u017e n\u011bkolik let d\u011btsk\u00e9 letn\u00ed t\u00e1bory pro d\u011bti se specifick\u00fdmi vzd\u011bl\u00e1vac\u00edmi pot\u0159ebami. Je \u010dlenkou \u010desk\u00e9 Psychopedick\u00e9 spole\u010dnosti.<\/p>\n<div id=\"page\" class=\"hfeed site\">\n<div id=\"main\" class=\"site-main\">\n<div id=\"tribe-events-pg-template\">\n<div id=\"tribe-events\" data-category=\"\" data-datepicker_format=\"2\" data-live_ajax=\"1\">\n<div id=\"tribe-events-content\" class=\"tribe-events-single\">\n<div id=\"post-501\" class=\"post-501 tribe_events type-tribe_events status-publish hentry tribe_events_cat-specialni_pedagogika cat_specialni_pedagogika\">\n<div class=\"tribe-events-single-event-description tribe-events-content\">\n<p align=\"justify\"><span style=\"color: #ff0000;\"><strong>POZN\u00c1MKA: <\/strong><\/span>Vzd\u011bl\u00e1vac\u00ed program je akreditov\u00e1n pod n\u00e1zvem<strong> Vzd\u011bl\u00e1v\u00e1n\u00ed \u017e\u00e1k\u016f podle \u00a7 16 odstavec\u00a0 9\u00a0 \u0160kolsk\u00e9ho z\u00e1kona\u00a0 <\/strong>&#8211; Akreditace \u010c.j.:MSMT-10623\/2016-2-353\u00a0\u00a0\u00a0\u00a0<strong><br \/>\n<\/strong><\/p>\n<p align=\"justify\"><strong>Ur\u010deno <\/strong>\u2013 pedagogick\u00fdm pracovn\u00edk\u016fm M\u0160 a Z\u0160<\/p>\n<p><strong><span style=\"color: #141412; font-family: 'Source Sans Pro';\">D\u00e9lka programu<\/span><\/strong><span style=\"color: #141412; font-family: 'Source Sans Pro';\"> \u2013 8 vyu\u010dovac\u00edch hodin<\/span><\/p>\n<p><strong><span style=\"color: #141412; font-family: 'Source Sans Pro';\"><span style=\"color: #141412; font-family: 'Source Sans Pro';\">Cena programu<\/span><\/span><\/strong><span style=\"color: #141412; font-family: 'Source Sans Pro';\"><span style=\"color: #141412; font-family: 'Source Sans Pro';\"> \u2013 850.- K\u010d<\/span><\/span><\/p>\n<p><strong><span style=\"color: #141412; font-family: 'Source Sans Pro';\"><span style=\"color: #141412; font-family: 'Source Sans Pro';\">M\u00edsto kon\u00e1n\u00ed<\/span><\/span><\/strong><span style=\"color: #141412; font-family: 'Source Sans Pro';\"><span style=\"color: #141412; font-family: 'Source Sans Pro';\"> \u2013 <span style=\"color: #ff0000;\"><strong>T\u00e1bor<\/strong>, v\u00fdukov\u00e9 prostory<strong> Hotel Palc\u00e1t<\/strong><\/span><br \/>\n<\/span><\/span><\/p>\n<p><strong>P\u0159ihl\u00e1\u0161ka &#8211; <span style=\"color: #ff0000;\"><a style=\"color: #ff0000;\" href=\"http:\/\/remizka.cz\/wordpress\/wp-content\/uploads\/2017\/01\/9_Spole\u010dn\u00e9-vzd\u011bl\u00e1v\u00e1n\u00ed-a-postupy-zav\u00e1d\u011bn\u00ed..._3.4.2017_Prihlaska_REMIZKA.doc\">Spole\u010dn\u00e9 vzd\u011bl\u00e1v\u00e1n\u00ed a postupy zav\u00e1d\u011bn\u00ed&#8230;_3.4.2017<\/a><\/span><\/strong><\/p>\n<p><span style=\"text-decoration: underline; color: #ff0000;\"><span style=\"text-decoration: underline;\"><strong><br \/>\n<\/strong><\/span><\/span><\/p>\n<p>&nbsp;<\/p>\n<\/div>\n<\/div>\n<\/div>\n<\/div>\n<\/div>\n<\/div>\n<\/div>","excerpt":"","image":false,"all_day":false,"start_date":"2017-04-03 09:00:00","start_date_details":{"year":"2017","month":"04","day":"03","hour":"09","minutes":"00","seconds":"00"},"end_date":"2017-04-03 15:00:00","end_date_details":{"year":"2017","month":"04","day":"03","hour":"15","minutes":"00","seconds":"00"},"utc_start_date":"2017-04-03 08:00:00","utc_start_date_details":{"year":"2017","month":"04","day":"03","hour":"08","minutes":"00","seconds":"00"},"utc_end_date":"2017-04-03 14:00:00","utc_end_date_details":{"year":"2017","month":"04","day":"03","hour":"14","minutes":"00","seconds":"00"},"timezone":"UTC+1","timezone_abbr":"","cost":"","cost_details":{"currency_symbol":"","currency_position":"prefix","values":[]},"website":"","show_map":false,"show_map_link":false,"hide_from_listings":false,"sticky":false,"featured":false,"categories":[{"name":"Speci\u00e1ln\u00ed pedagogika a prevence","slug":"specialni_pedagogika","term_group":0,"term_taxonomy_id":6,"taxonomy":"tribe_events_cat","description":"","parent":0,"count":37,"filter":"raw","id":6,"urls":{"self":"https:\/\/remizka.cz\/index.php?rest_route=\/tribe\/events\/v1\/categories\/6","collection":"https:\/\/remizka.cz\/index.php?rest_route=\/tribe\/events\/v1\/categories"}}],"tags":[],"venue":{"id":128,"author":"1","status":"publish","date":"2015-05-04 13:22:04","date_utc":"2015-05-04 12:22:04","modified":"2015-05-04 13:22:04","modified_utc":"2015-05-04 12:22:04","url":"https:\/\/remizka.cz\/?tribe_venue=ceske-budejovice","venue":"\u010cesk\u00e9 Bud\u011bjovice","json_ld":{"@type":"Place","name":"\u010cesk\u00e9 Bud\u011bjovice","description":"","url":false,"address":{"@type":"PostalAddress"},"telephone":"","sameAs":""},"show_map":true,"show_map_link":true,"global_id":"remizka.cz?id=128","global_id_lineage":["remizka.cz?id=128"]},"organizer":[],"json_ld":{"@context":"http:\/\/schema.org","@type":"Event","name":"Spole\u010dn\u00e9 vzd\u011bl\u00e1v\u00e1n\u00ed a postupy zav\u00e1d\u011bn\u00ed podp\u016frn\u00fdch opat\u0159en\u00ed  1. \u2013 5. stupn\u011b v M\u0160 a Z\u0160 &#8211; T\u00c1BOR","description":"&lt;p&gt;Semin\u00e1\u0159 podrobn\u011b rozeb\u00edr\u00e1 jednotliv\u00e9 stupn\u011b\u00a0 podp\u016frn\u00fdch opat\u0159en\u00ed\u00a0 a specifika jednotliv\u00fdch stupn\u0148\u016f podp\u016frn\u00fdch opat\u0159en\u00ed ( pl\u00e1n pedagogick\u00e9 podpory, individu\u00e1ln\u00ed vzd\u011bl\u00e1vac\u00ed pl\u00e1n, asistent pedagoga, p\u016fsoben\u00ed dal\u0161\u00edch osob poskytuj\u00edc\u00edh podporu). D\u00e1le je ned\u00edlnou sou\u010d\u00e1st\u00ed obsahu postup v souvislosti s poskytov\u00e1n\u00edm podp\u016frn\u00fdch opat\u0159en\u00ed 1.stupn\u011b a 2.- 5.stupn\u011b podp\u016frn\u00fdch opat\u0159en\u00ed.\u00a0 V druh\u00e9 \u010d\u00e1sti semin\u00e1\u0159e se lektor zam\u011b\u0159uje na \u010dlen\u011bn\u00ed podp\u016frn\u00fdch &hellip; &lt;a href=&quot;https:\/\/remizka.cz\/?tribe_events=podpurna-opatreni-u-zaku-zakladni-skoly&quot; class=&quot;more-link&quot;&gt;Pokra\u010dov\u00e1n\u00ed textu &lt;span class=&quot;screen-reader-text&quot;&gt;Spole\u010dn\u00e9 vzd\u011bl\u00e1v\u00e1n\u00ed a postupy zav\u00e1d\u011bn\u00ed podp\u016frn\u00fdch opat\u0159en\u00ed  1. \u2013 5. stupn\u011b v M\u0160 a Z\u0160 &#8211; T\u00c1BOR&lt;\/span&gt; &lt;span class=&quot;meta-nav&quot;&gt;&rarr;&lt;\/span&gt;&lt;\/a&gt;&lt;\/p&gt;\\n","url":"https:\/\/remizka.cz\/?tribe_events=podpurna-opatreni-u-zaku-zakladni-skoly","startDate":"2017-04-03 08:00:00","endDate":"2017-04-03 14:00:00","location":{"@type":"Place","name":"\u010cesk\u00e9 Bud\u011bjovice","description":"","url":false,"address":{"@type":"PostalAddress"},"telephone":"","sameAs":""}}}