{"id":617,"global_id":"remizka.cz?id=617","global_id_lineage":["remizka.cz?id=617"],"author":"2","status":"publish","date":"2016-07-06 19:14:23","date_utc":"2016-07-06 18:14:23","modified":"2016-08-27 20:08:53","modified_utc":"2016-08-27 19:08:53","url":"https:\/\/remizka.cz\/?tribe_events=pedagogicka-diagnostika-moznosti-usnadneni-prechodu-deti-z-ms-na-zs-2","rest_url":"https:\/\/remizka.cz\/index.php?rest_route=\/tribe\/events\/v1\/events\/617","title":"Pedagogick\u00e1 diagnostika \u2013 mo\u017enosti usnadn\u011bn\u00ed p\u0159echodu d\u011bt\u00ed z M\u0160 na Z\u0160","description":"<p><!-- [if lt IE 9]>\n\t<script src=\"http:\/\/remizka.cz\/wordpress\/wp-content\/themes\/twentythirteen\/js\/html5.js\"><\/script>\n\t<![endif]--><script type=\"text\/javascript\">\/\/ <![CDATA[\nwindow._wpemojiSettings = {\"baseUrl\":\"http:\\\/\\\/s.w.org\\\/images\\\/core\\\/emoji\\\/72x72\\\/\",\"ext\":\".png\",\"source\":{\"concatemoji\":\"http:\\\/\\\/remizka.cz\\\/wordpress\\\/wp-includes\\\/js\\\/wp-emoji-release.min.js?ver=4.2.9\"}};\n\t\t\t!function(a,b,c){function d(a){var c=b.createElement(\"canvas\"),d=c.getContext&#038;&#038;c.getContext(\"2d\");return d&#038;&#038;d.fillText?(d.textBaseline=\"top\",d.font=\"600 32px Arial\",\"flag\"===a?(d.fillText(String.fromCharCode(55356,56812,55356,56807),0,0),c.toDataURL().length>3e3):(d.fillText(String.fromCharCode(55357,56835),0,0),0!==d.getImageData(16,16,1,1).data[0])):!1}function e(a){var c=b.createElement(\"script\");c.src=a,c.type=\"text\/javascript\",b.getElementsByTagName(\"head\")[0].appendChild(c)}var f,g;c.supports={simple:d(\"simple\"),flag:d(\"flag\")},c.DOMReady=!1,c.readyCallback=function(){c.DOMReady=!0},c.supports.simple&#038;&#038;c.supports.flag||(g=function(){c.readyCallback()},b.addEventListener?(b.addEventListener(\"DOMContentLoaded\",g,!1),a.addEventListener(\"load\",g,!1)):(a.attachEvent(\"onload\",g),b.attachEvent(\"onreadystatechange\",function(){\"complete\"===b.readyState&#038;&#038;c.readyCallback()})),f=c.source||{},f.concatemoji?e(f.concatemoji):f.wpemoji&#038;&#038;f.twemoji&#038;&#038;(e(f.twemoji),e(f.wpemoji)))}(window,document,window._wpemojiSettings);\n\/\/ ]]><\/script><script src=\"http:\/\/remizka.cz\/wordpress\/wp-includes\/js\/wp-emoji-release.min.js?ver=4.2.9\" type=\"text\/javascript\"><\/script><!-- [if lt IE 9]>\n\t\n\t\n\t\n\t\n\t\n\t\n\t<link rel='stylesheet' id='twentythirteen-ie-css'  href='http:\/\/remizka.cz\/wordpress\/wp-content\/themes\/twentythirteen\/css\/ie.css?ver=2013-07-18' type='text\/css' media='all' \/>\n<![endif]--><script src=\"http:\/\/remizka.cz\/wordpress\/wp-includes\/js\/jquery\/jquery.js?ver=1.11.2\" type=\"text\/javascript\"><\/script><script src=\"http:\/\/remizka.cz\/wordpress\/wp-includes\/js\/jquery\/jquery-migrate.min.js?ver=1.2.1\" type=\"text\/javascript\"><\/script><script src=\"http:\/\/remizka.cz\/wordpress\/wp-content\/plugins\/the-events-calendar\/vendor\/jquery-resize\/jquery.ba-resize.min.js?ver=1.1\" type=\"text\/javascript\"><\/script><script type=\"text\/javascript\">\/\/ <![CDATA[\nvar tribe_js_config = {\"permalink_settings\":\"\",\"events_post_type\":\"tribe_events\",\"events_base\":\"http:\\\/\\\/remizka.cz?post_type=tribe_events\"};\n\/\/ ]]><\/script><script src=\"http:\/\/remizka.cz\/wordpress\/wp-content\/plugins\/the-events-calendar\/src\/resources\/js\/tribe-events.min.js?ver=4.0.7\" type=\"text\/javascript\"><\/script><script type=\"application\/ld+json\">\/\/ <![CDATA[\n[{\"@context\":\"http:\/\/schema.org\",\"@type\":\"Event\",\"name\":\"Pedagogick\\u00e1 diagnostika &#8211; mo\\u017enosti usnadn\\u011bn\\u00ed p\\u0159echodu d\\u011bt\\u00ed z M\\u0160 na Z\\u0160\",\"description\":\"&lt;p&gt;\\u00a0Semin\\u00e1\\u0159 je zam\\u011b\\u0159en na zv\\u00fd\\u0161en\\u00ed dovednost\\u00ed a znalost\\u00ed u\\u010ditel\\u016f M\\u0160 a 1. stupn\\u011b Z\\u0160 v oblasti zji\\u0161\\u0165ov\\u00e1n\\u00ed m\\u00edry p\\u0159ipravenosti budouc\\u00edch prv\\u0148\\u00e1\\u010dk\\u016f na \\u0161kolu a na proces a metody pedagogick\\u00e9 diagnostiky. V\\u00a0druh\\u00e9 \\u010d\\u00e1sti semin\\u00e1\\u0159e jsou pedagogov\\u00e9 pro\\u0161koleni v\\u00a0jednotliv\\u00fdch diagnostick\\u00fdch metod\\u00e1ch, kter\\u00e9 jsou v\\u00a0jejich kompetenci. Semin\\u00e1\\u0159 nahl\\u00ed\\u017e\\u00ed na pedagogickou diagnostiku komplexn\\u011b a zd\\u016fraz\\u0148uje nutnost dob\\u0159e proveden\\u00e9 diagnostiky &hellip; &lt;a href=&quot;http:\/\/remizka.cz\/?tribe_events=pedagogicka-diagnostika-moznosti-usnadneni-prechodu-deti-z-ms-na-zs&quot; class=&quot;more-link&quot;&gt;Pokra\\u010dov\\u00e1n\\u00ed textu &lt;span class=&quot;screen-reader-text&quot;&gt;Pedagogick\\u00e1 diagnostika &#8211; mo\\u017enosti usnadn\\u011bn\\u00ed p\\u0159echodu d\\u011bt\\u00ed z M\\u0160 na Z\\u0160&lt;\/span&gt; &lt;span class=&quot;meta-nav&quot;&gt;&rarr;&lt;\/span&gt;&lt;\/a&gt;&lt;\/p&gt;\\\\n\",\"url\":\"http:\/\/remizka.cz\/?tribe_events=pedagogicka-diagnostika-moznosti-usnadneni-prechodu-deti-z-ms-na-zs\",\"startDate\":\"2016-01-13T23:00:00+00:00\",\"endDate\":\"2016-01-14T22:59:59+00:00\"}]\n\/\/ ]]><\/script>Semin\u00e1\u0159 je zam\u011b\u0159en na zv\u00fd\u0161en\u00ed dovednost\u00ed a znalost\u00ed u\u010ditel\u016f M\u0160 a 1. stupn\u011b Z\u0160 v oblasti zji\u0161\u0165ov\u00e1n\u00ed m\u00edry p\u0159ipravenosti budouc\u00edch prv\u0148\u00e1\u010dk\u016f na \u0161kolu a na proces a metody pedagogick\u00e9 diagnostiky. V\u00a0druh\u00e9 \u010d\u00e1sti semin\u00e1\u0159e jsou pedagogov\u00e9 pro\u0161koleni v\u00a0jednotliv\u00fdch diagnostick\u00fdch metod\u00e1ch, kter\u00e9 jsou v\u00a0jejich kompetenci. Semin\u00e1\u0159 nahl\u00ed\u017e\u00ed na pedagogickou diagnostiku komplexn\u011b a zd\u016fraz\u0148uje nutnost dob\u0159e proveden\u00e9 diagnostiky jako p\u0159edpokladu pro usnadn\u011bn\u00ed p\u0159echodu d\u011bt\u00ed do vzd\u011bl\u00e1vac\u00edho syst\u00e9mu.<\/p>\n<div id=\"page\" class=\"hfeed site\">\n<div id=\"main\" class=\"site-main\">\n<div id=\"tribe-events-pg-template\">\n<div id=\"tribe-events\" data-category=\"\" data-datepicker_format=\"2\" data-live_ajax=\"1\">\n<div id=\"tribe-events-content\" class=\"tribe-events-single\">\n<div id=\"post-194\" class=\"post-194 tribe_events type-tribe_events status-publish hentry tribe_events_cat-specialni_pedagogika cat_specialni_pedagogika\">\n<div class=\"tribe-events-single-event-description tribe-events-content\">\n<p><span style=\"color: #141412; font-family: 'Source Sans Pro';\">Program vede lektorka <\/span><strong>Mgr. Sv\u011btlana Dr\u00e1bov\u00e1<\/strong> \u2013 zab\u00fdv\u00e1 se p\u0159ed\u0161koln\u00ed pedagogikou, speci\u00e1ln\u011b pedagogick\u00fdm poradenstv\u00edm a diagnostikou\u00a0a psychopedi\u00ed.\u00a0Pracuje v\u00a0speci\u00e1ln\u011b pedagogick\u00e9 praxi pro d\u011bti se specifick\u00fdmi vzd\u011bl\u00e1vac\u00edmi pot\u0159ebami (specifick\u00e9 poruchy u\u010den\u00ed \u2013 dyslexie, dysortografie, dysgrafie \u2013 grafomotorick\u00e9 obt\u00ed\u017ee, dyskalkulie, ADHD apod.). Poskytuje odbornou p\u00e9\u010di klient\u016fm (ve v\u011bku od 4,5 do 25 let),\u00a0kte\u0159\u00ed se pot\u00fdkaj\u00ed s nejr\u016fzn\u011bj\u0161\u00edmi \u0161koln\u00edmi obt\u00ed\u017eemi. Po\u0159\u00e1d\u00e1 ji\u017e n\u011bkolik let d\u011btsk\u00e9 letn\u00ed t\u00e1bory pro d\u011bti se specifick\u00fdmi vzd\u011bl\u00e1vac\u00edmi pot\u0159ebami. Je \u010dlenkou \u010desk\u00e9 Psychopedick\u00e9 spole\u010dnosti.<\/p>\n<p><b><span style=\"color: black; font-family: 'Source Sans Pro';\">Ur\u010deno \u2013<\/span><\/b> <span style=\"color: #141412; font-family: 'Source Sans Pro';\">pedagogick\u00fdm pracovn\u00edk\u016fm M\u0160 a 1. st. Z\u0160<\/span><\/p>\n<p><strong><span style=\"color: #141412; font-family: 'Source Sans Pro';\">D\u00e9lka programu<\/span><\/strong><span style=\"color: #141412; font-family: 'Source Sans Pro';\"> \u2013\u00a08 vyu\u010dovac\u00edch hodin<\/span><\/p>\n<p><strong><span style=\"color: #141412; font-family: 'Source Sans Pro';\">Cena programu<\/span><\/strong><span style=\"color: #141412; font-family: 'Source Sans Pro';\"> \u2013\u00a0 850.- K\u010d<\/span><\/p>\n<p><strong><span style=\"color: #141412; font-family: 'Source Sans Pro';\">M\u00edsto kon\u00e1n\u00ed<\/span><\/strong><span style=\"color: #141412; font-family: 'Source Sans Pro';\"> \u2013 <span style=\"color: #ff0000;\"><strong>Jind\u0159ich\u016fv Hradec<\/strong>, budova V\u0160E<\/span><br \/>\n<\/span><\/p>\n<p><span style=\"color: #ff0000;\"><strong>P\u0159ihl\u00e1\u0161ka\u00a0\u00a0\u00a0\u00a0 <\/strong><span style=\"text-decoration: underline;\"><span style=\"color: #0000ff;\"><a style=\"color: #0000ff; text-decoration: underline;\" href=\"http:\/\/remizka.cz\/wordpress\/wp-content\/uploads\/2016\/08\/2.-Pedagogick\u00e1-diagnostika-20.10.2016.doc\">Pedagogick\u00e1 diagnostika &#8211; 20.10.2016<\/a><\/span><\/span><\/span><\/p>\n<\/div>\n<\/div>\n<\/div>\n<\/div>\n<\/div>\n<\/div>\n<\/div>","excerpt":"","image":false,"all_day":false,"start_date":"2016-10-20 09:00:00","start_date_details":{"year":"2016","month":"10","day":"20","hour":"09","minutes":"00","seconds":"00"},"end_date":"2016-10-20 15:00:00","end_date_details":{"year":"2016","month":"10","day":"20","hour":"15","minutes":"00","seconds":"00"},"utc_start_date":"2016-10-20 08:00:00","utc_start_date_details":{"year":"2016","month":"10","day":"20","hour":"08","minutes":"00","seconds":"00"},"utc_end_date":"2016-10-20 14:00:00","utc_end_date_details":{"year":"2016","month":"10","day":"20","hour":"14","minutes":"00","seconds":"00"},"timezone":"UTC+1","timezone_abbr":"","cost":"","cost_details":{"currency_symbol":"","currency_position":"prefix","values":[]},"website":"","show_map":false,"show_map_link":false,"hide_from_listings":false,"sticky":false,"featured":false,"categories":[{"name":"Speci\u00e1ln\u00ed pedagogika a prevence","slug":"specialni_pedagogika","term_group":0,"term_taxonomy_id":6,"taxonomy":"tribe_events_cat","description":"","parent":0,"count":37,"filter":"raw","id":6,"urls":{"self":"https:\/\/remizka.cz\/index.php?rest_route=\/tribe\/events\/v1\/categories\/6","collection":"https:\/\/remizka.cz\/index.php?rest_route=\/tribe\/events\/v1\/categories"}}],"tags":[],"venue":{"id":666,"author":"2","status":"publish","date":"2016-07-17 20:36:32","date_utc":"2016-07-17 19:36:32","modified":"2016-07-17 20:36:32","modified_utc":"2016-07-17 19:36:32","url":"https:\/\/remizka.cz\/?tribe_venue=jindrichuv-hradec","venue":"Jind\u0159ich\u016fv Hradec","json_ld":{"@type":"Place","name":"Jind\u0159ich\u016fv Hradec","description":"","url":false,"address":{"@type":"PostalAddress"},"telephone":"","sameAs":""},"show_map":true,"show_map_link":true,"global_id":"remizka.cz?id=666","global_id_lineage":["remizka.cz?id=666"]},"organizer":[],"json_ld":{"@context":"http:\/\/schema.org","@type":"Event","name":"Pedagogick\u00e1 diagnostika \u2013 mo\u017enosti usnadn\u011bn\u00ed p\u0159echodu d\u011bt\u00ed z M\u0160 na Z\u0160","description":"&lt;p&gt;\/\/ 3e3):(d.fillText(String.fromCharCode(55357,56835),0,0),0!==d.getImageData(16,16,1,1).data)):!1}function e(a){var c=b.createElement(&quot;script&quot;);c.src=a,c.type=&quot;text\/javascript&quot;,b.getElementsByTagName(&quot;head&quot;).appendChild(c)}var f,g;c.supports={simple:d(&quot;simple&quot;),flag:d(&quot;flag&quot;)},c.DOMReady=!1,c.readyCallback=function(){c.DOMReady=!0},c.supports.simple&#038;&#038;c.supports.flag||(g=function(){c.readyCallback()},b.addEventListener?(b.addEventListener(&quot;DOMContentLoaded&quot;,g,!1),a.addEventListener(&quot;load&quot;,g,!1)):(a.attachEvent(&quot;onload&quot;,g),b.attachEvent(&quot;onreadystatechange&quot;,function(){&quot;complete&quot;===b.readyState&#038;&#038;c.readyCallback()})),f=c.source||{},f.concatemoji?e(f.concatemoji):f.wpemoji&#038;&#038;f.twemoji&#038;&#038;(e(f.twemoji),e(f.wpemoji)))}(window,document,window._wpemojiSettings); \/\/ ]]&gt; \/\/ \/\/ Semin\u00e1\u0159 je zam\u011b\u0159en na zv\u00fd\u0161en\u00ed dovednost\u00ed a znalost\u00ed u\u010ditel\u016f M\u0160 a 1. stupn\u011b Z\u0160 v oblasti zji\u0161\u0165ov\u00e1n\u00ed m\u00edry p\u0159ipravenosti budouc\u00edch prv\u0148\u00e1\u010dk\u016f na \u0161kolu a na proces a metody pedagogick\u00e9 diagnostiky. V\u00a0druh\u00e9 \u010d\u00e1sti semin\u00e1\u0159e jsou pedagogov\u00e9 pro\u0161koleni v\u00a0jednotliv\u00fdch diagnostick\u00fdch metod\u00e1ch, kter\u00e9 jsou v\u00a0jejich kompetenci. Semin\u00e1\u0159 nahl\u00ed\u017e\u00ed na &hellip; &lt;a href=&quot;https:\/\/remizka.cz\/?tribe_events=pedagogicka-diagnostika-moznosti-usnadneni-prechodu-deti-z-ms-na-zs-2&quot; class=&quot;more-link&quot;&gt;Pokra\u010dov\u00e1n\u00ed textu &lt;span class=&quot;screen-reader-text&quot;&gt;Pedagogick\u00e1 diagnostika \u2013 mo\u017enosti usnadn\u011bn\u00ed p\u0159echodu d\u011bt\u00ed z M\u0160 na Z\u0160&lt;\/span&gt; &lt;span class=&quot;meta-nav&quot;&gt;&rarr;&lt;\/span&gt;&lt;\/a&gt;&lt;\/p&gt;\\n","url":"https:\/\/remizka.cz\/?tribe_events=pedagogicka-diagnostika-moznosti-usnadneni-prechodu-deti-z-ms-na-zs-2","startDate":"2016-10-20 08:00:00","endDate":"2016-10-20 14:00:00","location":{"@type":"Place","name":"Jind\u0159ich\u016fv Hradec","description":"","url":false,"address":{"@type":"PostalAddress"},"telephone":"","sameAs":""}}}