{"id":386,"global_id":"remizka.cz?id=386","global_id_lineage":["remizka.cz?id=386"],"author":"2","status":"publish","date":"2016-01-22 15:47:49","date_utc":"2016-01-22 14:47:49","modified":"2016-08-18 19:37:17","modified_utc":"2016-08-18 18:37:17","url":"https:\/\/remizka.cz\/?tribe_events=komunikace-s-rodici-problemoveho-zaka","rest_url":"https:\/\/remizka.cz\/index.php?rest_route=\/tribe\/events\/v1\/events\/386","title":"Spolupr\u00e1ce u\u010ditele a asistenta pedagoga","description":"<p>Semin\u00e1\u0159 je zam\u011b\u0159en na vytv\u00e1\u0159en\u00ed podm\u00ednek inkluz\u00edvn\u00edho vzd\u011bl\u00e1v\u00e1n\u00ed, na vytv\u00e1\u0159en\u00ed podm\u00ednek pro efektivn\u00ed spolupr\u00e1ci pedagoga s\u00a0asistentem pedagoga, kter\u00fd podporuje znev\u00fdhodn\u011bn\u00e9 d\u00edt\u011b nebo \u017e\u00e1ka. C\u00edlem vzd\u011bl\u00e1vac\u00edho programu je p\u0159ipravit u\u010ditele r\u016fzn\u00fdch typ\u016f \u0161kol na spolupr\u00e1ci s\u00a0kvalifikovan\u00fdm asistentem pedagoga. Dal\u0161\u00edm c\u00edlem programu je p\u0159edstavit \u00fa\u010dastn\u00edk\u016fm mo\u017enosti jak zkvalitnit komunikaci mezi u\u010ditelem, asistentem pedagoga, v\u00fdchovn\u00fdm poradcem (PPP), \u017e\u00e1kem a rodi\u010di \u017e\u00e1ka s\u00a0ohledem na kvalitu podpory \u017e\u00e1ka s\u00a0jak\u00fdmkoli znev\u00fdhodn\u011bn\u00edm a p\u0159isp\u011bt k\u00a0pozitivn\u00edmu klimatu ve t\u0159\u00edd\u011b a ve \u0161kole.<\/p>\n<p>Lektor bude vyu\u017e\u00edvat tyto pedagogick\u00e9 a didaktick\u00e9 metody pr\u00e1ce s\u00a0\u00fa\u010dastn\u00edky (pedagogick\u00fdm sborem) \u2013 v\u00fdklad, diskuse, skupinov\u00e1 pr\u00e1ce s\u00a0prezentac\u00ed, brainstorming, techniky kritick\u00e9ho my\u0161len\u00ed, cvi\u010den\u00ed.<\/p>\n<p><strong>Semin\u00e1\u0159 vede\u00a0 Mgr. Eva Burdov\u00e1, MBA &#8211; <\/strong>lektorsk\u00e9 veden\u00ed, p\u0159\u00edprava a metodologie semin\u00e1\u0159\u016f v\u00a0oblasti soci\u00e1ln\u00edch, zdravotn\u00edch v\u011bd, psychologie a pedagogiky, time management, leadership a projektov\u00e9 \u0159\u00edzen\u00ed, lektor ve Studiu pedagogiky od roku 2005, lektor ve Specializa\u010dn\u00edm studiu prevence soci\u00e1ln\u011b patologick\u00fdch jev\u016f od roku 2007, Studium pedagogiky pro asistenty pedagoga od roku 2006, Studium pedagogiky pro vychovatele od roku 2006. Certifik\u00e1tor pro certifikace PPUNL jmenovan\u00fd M\u0160MT, garant vzd\u011bl\u00e1v\u00e1n\u00ed v oblasti prim\u00e1rn\u00ed prevence rizikov\u00e9ho chov\u00e1n\u00ed a Specializa\u010dn\u00edho studia v oblasti prevence soci\u00e1ln\u011b patologick\u00fdch jev\u016f ve St\u010d.K, \u010dlenka komise prim\u00e1rn\u00ed prevence-poradn\u00edho org\u00e1nu St\u010d.K.<\/p>\n<p><b>Ur\u010deno \u2013<\/b> pedagogick\u00fdm pracovn\u00edk\u016fm pedagogick\u00fdm pracovn\u00edk\u016fm M\u0160, Z\u0160, S\u0160, v\u00fdchovn\u00fdm poradc\u016fm a asistent\u016fm pedagoga<\/p>\n<p><strong>D\u00e9lka programu<\/strong> \u2013\u00a08 vyu\u010dovac\u00edch hodin<\/p>\n<p><strong>Cena programu<\/strong> \u2013\u00a0 850.- K\u010d<\/p>\n<p><strong>M\u00edsto kon\u00e1n\u00ed<\/strong> \u2013 \u010cesk\u00e9 Bud\u011bjovice, \u010cechova 1<\/p>\n<p><span style=\"color: #ff0000;\"><strong>P\u0159ihl\u00e1\u0161ka\u00a0\u00a0 <\/strong><span style=\"text-decoration: underline; color: #0000ff;\"><a style=\"color: #0000ff; text-decoration: underline;\" href=\"http:\/\/remizka.cz\/wordpress\/wp-content\/uploads\/2016\/08\/14.-Spolupr\u00e1ce-u\u010ditele-a-AP-24.11.2016.doc\">Spolupr\u00e1ce u\u010ditele a AP &#8211; 24.11.2016<\/a><\/span><\/span><\/p>\n<p>&nbsp;<\/p>\n<p>&nbsp;<\/p>\n<p>&nbsp;<\/p>","excerpt":"","image":false,"all_day":false,"start_date":"2016-11-24 09:00:00","start_date_details":{"year":"2016","month":"11","day":"24","hour":"09","minutes":"00","seconds":"00"},"end_date":"2016-11-24 15:00:00","end_date_details":{"year":"2016","month":"11","day":"24","hour":"15","minutes":"00","seconds":"00"},"utc_start_date":"2016-11-24 08:00:00","utc_start_date_details":{"year":"2016","month":"11","day":"24","hour":"08","minutes":"00","seconds":"00"},"utc_end_date":"2016-11-24 14:00:00","utc_end_date_details":{"year":"2016","month":"11","day":"24","hour":"14","minutes":"00","seconds":"00"},"timezone":"UTC+1","timezone_abbr":"","cost":"","cost_details":{"currency_symbol":"","currency_position":"prefix","values":[]},"website":"","show_map":false,"show_map_link":false,"hide_from_listings":false,"sticky":false,"featured":false,"categories":[{"name":"Speci\u00e1ln\u00ed pedagogika a prevence","slug":"specialni_pedagogika","term_group":0,"term_taxonomy_id":6,"taxonomy":"tribe_events_cat","description":"","parent":0,"count":37,"filter":"raw","id":6,"urls":{"self":"https:\/\/remizka.cz\/index.php?rest_route=\/tribe\/events\/v1\/categories\/6","collection":"https:\/\/remizka.cz\/index.php?rest_route=\/tribe\/events\/v1\/categories"}}],"tags":[],"venue":{"id":128,"author":"1","status":"publish","date":"2015-05-04 13:22:04","date_utc":"2015-05-04 12:22:04","modified":"2015-05-04 13:22:04","modified_utc":"2015-05-04 12:22:04","url":"https:\/\/remizka.cz\/?tribe_venue=ceske-budejovice","venue":"\u010cesk\u00e9 Bud\u011bjovice","json_ld":{"@type":"Place","name":"\u010cesk\u00e9 Bud\u011bjovice","description":"","url":false,"address":{"@type":"PostalAddress"},"telephone":"","sameAs":""},"show_map":true,"show_map_link":true,"global_id":"remizka.cz?id=128","global_id_lineage":["remizka.cz?id=128"]},"organizer":[],"json_ld":{"@context":"http:\/\/schema.org","@type":"Event","name":"Spolupr\u00e1ce u\u010ditele a asistenta pedagoga","description":"&lt;p&gt;Semin\u00e1\u0159 je zam\u011b\u0159en na vytv\u00e1\u0159en\u00ed podm\u00ednek inkluz\u00edvn\u00edho vzd\u011bl\u00e1v\u00e1n\u00ed, na vytv\u00e1\u0159en\u00ed podm\u00ednek pro efektivn\u00ed spolupr\u00e1ci pedagoga s\u00a0asistentem pedagoga, kter\u00fd podporuje znev\u00fdhodn\u011bn\u00e9 d\u00edt\u011b nebo \u017e\u00e1ka. C\u00edlem vzd\u011bl\u00e1vac\u00edho programu je p\u0159ipravit u\u010ditele r\u016fzn\u00fdch typ\u016f \u0161kol na spolupr\u00e1ci s\u00a0kvalifikovan\u00fdm asistentem pedagoga. Dal\u0161\u00edm c\u00edlem programu je p\u0159edstavit \u00fa\u010dastn\u00edk\u016fm mo\u017enosti jak zkvalitnit komunikaci mezi u\u010ditelem, asistentem pedagoga, v\u00fdchovn\u00fdm poradcem (PPP), \u017e\u00e1kem &hellip; &lt;a href=&quot;https:\/\/remizka.cz\/?tribe_events=komunikace-s-rodici-problemoveho-zaka&quot; class=&quot;more-link&quot;&gt;Pokra\u010dov\u00e1n\u00ed textu &lt;span class=&quot;screen-reader-text&quot;&gt;Spolupr\u00e1ce u\u010ditele a asistenta pedagoga&lt;\/span&gt; &lt;span class=&quot;meta-nav&quot;&gt;&rarr;&lt;\/span&gt;&lt;\/a&gt;&lt;\/p&gt;\\n","url":"https:\/\/remizka.cz\/?tribe_events=komunikace-s-rodici-problemoveho-zaka","startDate":"2016-11-24 08:00:00","endDate":"2016-11-24 14:00:00","location":{"@type":"Place","name":"\u010cesk\u00e9 Bud\u011bjovice","description":"","url":false,"address":{"@type":"PostalAddress"},"telephone":"","sameAs":""}}}