{"id":1056,"global_id":"remizka.cz?id=1056","global_id_lineage":["remizka.cz?id=1056"],"author":"2","status":"publish","date":"2017-10-09 17:13:27","date_utc":"2017-10-09 16:13:27","modified":"2018-01-15 19:16:21","modified_utc":"2018-01-15 18:16:21","url":"https:\/\/remizka.cz\/?tribe_events=babicko-vypravej-vyznam-predcitani-a-naslouchani-pohadek-pro-vychovu-deti-4","rest_url":"https:\/\/remizka.cz\/index.php?rest_route=\/tribe\/events\/v1\/events\/1056","title":"Babi\u010dko vypr\u00e1v\u011bj \/ V\u00fdznam p\u0159ed\u010d\u00edt\u00e1n\u00ed a naslouch\u00e1n\u00ed poh\u00e1dek pro v\u00fdchovu d\u011bt\u00ed","description":"<p>Praktick\u00fd semin\u00e1\u0159 je ur\u010den pedagog\u016fm M\u0160 a 1. st. Z\u0160. Semin\u00e1\u0159 se zab\u00fdv\u00e1 podporou rozvoje komunika\u010dn\u00edch a p\u0159ed\u010dten\u00e1\u0159sk\u00fdch\/\u010dten\u00e1\u0159sk\u00fdch dovednost\u00ed v\u00a0p\u0159ed\u0161koln\u00edm a mlad\u0161\u00edm \u0161koln\u00edm v\u011bku, objas\u0148uje podstatu a v\u00fdznam p\u0159ed\u010d\u00edt\u00e1n\u00ed a naslouch\u00e1n\u00ed poh\u00e1dek pro v\u00fdchovu d\u00edt\u011bte. Praktick\u00fd semin\u00e1\u0159 nab\u00eddne n\u00e1m\u011bty na tvo\u0159iv\u00e9 \u010dinnosti s textem a pouk\u00e1\u017ee na v\u00fdznam pochopen\u00ed p\u0159\u00edb\u011bhu jako podstaty i v\u00fdchodiska rozvoje p\u0159ed\u010dten\u00e1\u0159sk\u00e9 gramotnosti v souladu s rozvojem osobnosti d\u00edt\u011bte.\u00a0 Pedagogov\u00e9 se sezn\u00e1m\u00ed s\u00a0jednotliv\u00fdmi etapami v\u00fdvoje \u0159e\u010di u d\u00edt\u011bte. Bude jim nast\u00edn\u011bn v\u00fdznam rozvoje fantazie a vlastn\u00edch p\u0159edstav d\u00edt\u011bte, rozli\u0161en\u00ed dobra a zla pro budov\u00e1n\u00ed mravn\u00edho z\u00e1kladu a hodnotov\u00e9ho syst\u00e9mu jedince. Rozborem n\u011bkolika konkr\u00e9tn\u00edch poh\u00e1dek jim bude nast\u00edn\u011bna podstata odkazu zku\u0161enost\u00ed nabyt\u00fdch generacemi p\u0159edk\u016f.<\/p>\n<p>Semin\u00e1\u0159e vede lektorka<strong> Mgr. Sv\u011btlana Dr\u00e1bov\u00e1 \u2013 <\/strong>vystudovala Pedagogickou fakultu\u00a0Technick\u00e9 univerzity v Liberci a speci\u00e1ln\u00ed pedagogiku na UJAK v Praze. Zab\u00fdv\u00e1 se p\u0159ed\u0161koln\u00ed pedagogikou, speci\u00e1ln\u011b pedagogick\u00fdm poradenstv\u00edm a diagnostikou \u010di psychopedi\u00ed. Do roku 2001 p\u016fsobila jako u\u010ditelka v mate\u0159sk\u00e9 \u0161kole,\u00a0od roku 1998 a\u017e dosud pracuje v soukrom\u00e9 speci\u00e1ln\u011b pedagogick\u00e9 praxi pro d\u011bti se specifick\u00fdmi vzd\u011bl\u00e1vac\u00edmi pot\u0159ebami (specifick\u00e9 poruchy u\u010den\u00ed \u2013 dyslexie, dysortografie, dysgrafie \u2013 grafomotorick\u00e9 obt\u00ed\u017ee, dyskalkulie, ADHD apod.). V soukrom\u00e9 praxi poskytuje odbornou p\u00e9\u010di klient\u016fm (ve v\u011bku od 4,5 do 25 let),\u00a0kte\u0159\u00ed se pot\u00fdkaj\u00ed s nejr\u016fzn\u011bj\u0161\u00edmi \u0161koln\u00edmi obt\u00ed\u017eemi. Po\u0159\u00e1d\u00e1 ji\u017e n\u011bkolik let d\u011btsk\u00e9 letn\u00ed t\u00e1bory pro d\u011bti se specifick\u00fdmi vzd\u011bl\u00e1vac\u00edmi pot\u0159ebami. Je \u010dlenkou \u010desk\u00e9 Psychopedick\u00e9 spole\u010dnosti.<\/p>\n<p><strong>Ur\u010deno &#8211;<\/strong> pedagogick\u00fdm pracovn\u00edk\u016fm M\u0160 a 1. st. Z\u0160, v\u00fdchovn\u00fdm poradc\u016fm a asistent\u016fm pedagoga<\/p>\n<p><strong>D\u00e9lka programu<\/strong> &#8211; 6 vyu\u010dovac\u00edch hodin<\/p>\n<p><strong>Cena programu<\/strong> &#8211;\u00a0 850.- K\u010d<\/p>\n<p><strong>M\u00edsto kon\u00e1n\u00ed<\/strong> &#8211; <span style=\"color: #0000ff;\"><strong>\u010cesk\u00e9 Bud\u011bjovice, \u010cechova 1<\/strong><\/span><\/p>\n<p><span style=\"color: #ff0000;\"><strong>P\u0159ihl\u00e1\u0161ka &#8211;\u00a0 <\/strong><\/span><a href=\"http:\/\/remizka.cz\/wordpress\/wp-content\/uploads\/2017\/10\/Babi\u010dko-vypr\u00e1v\u011bj-V\u00fdznam-p\u0159ed\u010d\u00edt\u00e1n\u00ed..._21.2.2017.doc\"><span style=\"color: #ff0000;\"><strong>Babi\u010dko vypr\u00e1v\u011bj-V\u00fdznam p\u0159ed\u010d\u00edt\u00e1n\u00ed&#8230;_21.2.2017<\/strong><\/span><\/a><\/p>\n<p>&nbsp;<\/p>","excerpt":"","image":false,"all_day":false,"start_date":"2018-02-21 09:00:00","start_date_details":{"year":"2018","month":"02","day":"21","hour":"09","minutes":"00","seconds":"00"},"end_date":"2018-02-21 14:00:00","end_date_details":{"year":"2018","month":"02","day":"21","hour":"14","minutes":"00","seconds":"00"},"utc_start_date":"2018-02-21 08:00:00","utc_start_date_details":{"year":"2018","month":"02","day":"21","hour":"08","minutes":"00","seconds":"00"},"utc_end_date":"2018-02-21 13:00:00","utc_end_date_details":{"year":"2018","month":"02","day":"21","hour":"13","minutes":"00","seconds":"00"},"timezone":"UTC+1","timezone_abbr":"","cost":"","cost_details":{"currency_symbol":"","currency_position":"prefix","values":[]},"website":"","show_map":true,"show_map_link":true,"hide_from_listings":false,"sticky":false,"featured":false,"categories":[{"name":"\u010cten\u00e1\u0159sk\u00e1 gramotnost","slug":"ctenarska_gramotnost","term_group":0,"term_taxonomy_id":3,"taxonomy":"tribe_events_cat","description":"","parent":0,"count":21,"filter":"raw","id":3,"urls":{"self":"https:\/\/remizka.cz\/index.php?rest_route=\/tribe\/events\/v1\/categories\/3","collection":"https:\/\/remizka.cz\/index.php?rest_route=\/tribe\/events\/v1\/categories"}},{"name":"Pedagogika","slug":"pedagogika","term_group":0,"term_taxonomy_id":22,"taxonomy":"tribe_events_cat","description":"","parent":0,"count":2,"filter":"raw","id":22,"urls":{"self":"https:\/\/remizka.cz\/index.php?rest_route=\/tribe\/events\/v1\/categories\/22","collection":"https:\/\/remizka.cz\/index.php?rest_route=\/tribe\/events\/v1\/categories"}}],"tags":[],"venue":[],"organizer":[],"json_ld":{"@context":"http:\/\/schema.org","@type":"Event","name":"Babi\u010dko vypr\u00e1v\u011bj \/ V\u00fdznam p\u0159ed\u010d\u00edt\u00e1n\u00ed a naslouch\u00e1n\u00ed poh\u00e1dek pro v\u00fdchovu d\u011bt\u00ed","description":"&lt;p&gt;Praktick\u00fd semin\u00e1\u0159 je ur\u010den pedagog\u016fm M\u0160 a 1. st. Z\u0160. Semin\u00e1\u0159 se zab\u00fdv\u00e1 podporou rozvoje komunika\u010dn\u00edch a p\u0159ed\u010dten\u00e1\u0159sk\u00fdch\/\u010dten\u00e1\u0159sk\u00fdch dovednost\u00ed v\u00a0p\u0159ed\u0161koln\u00edm a mlad\u0161\u00edm \u0161koln\u00edm v\u011bku, objas\u0148uje podstatu a v\u00fdznam p\u0159ed\u010d\u00edt\u00e1n\u00ed a naslouch\u00e1n\u00ed poh\u00e1dek pro v\u00fdchovu d\u00edt\u011bte. Praktick\u00fd semin\u00e1\u0159 nab\u00eddne n\u00e1m\u011bty na tvo\u0159iv\u00e9 \u010dinnosti s textem a pouk\u00e1\u017ee na v\u00fdznam pochopen\u00ed p\u0159\u00edb\u011bhu jako podstaty i v\u00fdchodiska rozvoje &hellip; &lt;a href=&quot;https:\/\/remizka.cz\/?tribe_events=babicko-vypravej-vyznam-predcitani-a-naslouchani-pohadek-pro-vychovu-deti-4&quot; class=&quot;more-link&quot;&gt;Pokra\u010dov\u00e1n\u00ed textu &lt;span class=&quot;screen-reader-text&quot;&gt;Babi\u010dko vypr\u00e1v\u011bj \/ V\u00fdznam p\u0159ed\u010d\u00edt\u00e1n\u00ed a naslouch\u00e1n\u00ed poh\u00e1dek pro v\u00fdchovu d\u011bt\u00ed&lt;\/span&gt; &lt;span class=&quot;meta-nav&quot;&gt;&rarr;&lt;\/span&gt;&lt;\/a&gt;&lt;\/p&gt;\\n","url":"https:\/\/remizka.cz\/?tribe_events=babicko-vypravej-vyznam-predcitani-a-naslouchani-pohadek-pro-vychovu-deti-4","startDate":"2018-02-21 08:00:00","endDate":"2018-02-21 13:00:00"}}