{"id":1036,"global_id":"remizka.cz?id=1036","global_id_lineage":["remizka.cz?id=1036"],"author":"2","status":"publish","date":"2017-09-28 15:25:42","date_utc":"2017-09-28 14:25:42","modified":"2018-02-15 00:54:48","modified_utc":"2018-02-14 23:54:48","url":"https:\/\/remizka.cz\/?tribe_events=rozvoj-grafomotoriky-u-deti-predskolniho-a-mladsiho-skolniho-veku","rest_url":"https:\/\/remizka.cz\/index.php?rest_route=\/tribe\/events\/v1\/events\/1036","title":"Pedagogick\u00e1 diagnostika a rozvoj grafomotoriky u d\u011bt\u00ed v M\u0160 a na 1. st. Z\u0160","description":"<p>C\u00edlem vzd\u011bl\u00e1vac\u00edho programu je p\u0159edstavit pedagog\u016fm problematiku ergonomie psan\u00ed a rozvoje grafomotoriky tak, aby na z\u00e1klad\u011b v\u010dasn\u00e9ho rozpozn\u00e1n\u00ed p\u0159\u00ed\u010diny grafomotorick\u00fdch obt\u00ed\u017e\u00ed byli schopn\u00ed prov\u00e9st\u00a0v\u010dasnou diagnostiku u d\u011bt\u00ed.\u00a0Semin\u00e1\u0159 vymezuje a objas\u0148uje p\u0159\u00ed\u010diny a n\u00e1sledky grafomotorick\u00fdch pot\u00ed\u017e\u00ed u d\u011bt\u00ed v mate\u0159sk\u00e9 \u0161kole a v\u00a01. t\u0159. Z\u0160. Lektorka p\u0159ibl\u00ed\u017e\u00ed \u00fa\u010dastn\u00edk\u016fm problematiku \u0159ady t\u00e9mat &#8211; specializace a spolupr\u00e1ce mozkov\u00fdch hemisf\u00e9r, lateralizace, specifika prav\u00e1ctv\u00ed \u2013 lev\u00e1ctv\u00ed, ambidextrie, nevyhran\u011bn\u00e1 lateralita, spr\u00e1vn\u00fd \u00fachop psac\u00edho n\u00e1\u010din\u00ed a jeho v\u00fdznam. P\u0159edstav\u00ed jim mo\u017enosti reedukace nespr\u00e1vn\u00e9ho \u00fachopu u d\u011bt\u00ed, p\u0159\u00edklady z\u00a0praxe, ale tak\u00e9\u00a0vhodn\u00e9 ergonomick\u00e9 pom\u016fcky\u00a0a optim\u00e1ln\u00ed mo\u017enosti pomoci.<\/p>\n<p>Semin\u00e1\u0159e vede lektorka<strong> Mgr. <strong>Sv\u011btlana Dr\u00e1bov\u00e1 \u2013 <\/strong><\/strong>vystudovala Pedagogickou fakultu\u00a0Technick\u00e9 univerzity v Liberci a speci\u00e1ln\u00ed pedagogiku na UJAK v Praze. Zab\u00fdv\u00e1 se p\u0159ed\u0161koln\u00ed pedagogikou, speci\u00e1ln\u011b pedagogick\u00fdm poradenstv\u00edm a diagnostikou \u010di psychopedi\u00ed. Do roku 2001 p\u016fsobila jako u\u010ditelka v mate\u0159sk\u00e9 \u0161kole,\u00a0od roku 1998 a\u017e dosud pracuje v soukrom\u00e9 speci\u00e1ln\u011b pedagogick\u00e9 praxi pro d\u011bti se specifick\u00fdmi vzd\u011bl\u00e1vac\u00edmi pot\u0159ebami (specifick\u00e9 poruchy u\u010den\u00ed \u2013 dyslexie, dysortografie, dysgrafie \u2013 grafomotorick\u00e9 obt\u00ed\u017ee, dyskalkulie, ADHD apod.). V soukrom\u00e9 praxi poskytuje odbornou p\u00e9\u010di klient\u016fm (ve v\u011bku od 4,5 do 25 let),\u00a0kte\u0159\u00ed se pot\u00fdkaj\u00ed s nejr\u016fzn\u011bj\u0161\u00edmi \u0161koln\u00edmi obt\u00ed\u017eemi. Po\u0159\u00e1d\u00e1 ji\u017e n\u011bkolik let d\u011btsk\u00e9 letn\u00ed t\u00e1bory pro d\u011bti se specifick\u00fdmi vzd\u011bl\u00e1vac\u00edmi pot\u0159ebami. Je \u010dlenkou \u010desk\u00e9 Psychopedick\u00e9 spole\u010dnosti.<\/p>\n<p><strong><span style=\"color: black; font-family: 'Source Sans Pro';\">Ur\u010deno &#8211;<\/span><\/strong><span style=\"color: #141412; font-family: 'Source Sans Pro';\"> pedagogick\u00fdm pracovn\u00edk\u016fm M\u0160 a 1. st. Z\u0160, v\u00fdchovn\u00fdm poradc\u016fm a asistent\u016fm pedagoga<\/span><\/p>\n<p><strong><span style=\"color: #141412; font-family: 'Source Sans Pro';\"><span style=\"color: #141412; font-family: 'Source Sans Pro';\">D\u00e9lka programu<\/span><\/span><\/strong><span style=\"color: #141412; font-family: 'Source Sans Pro';\"><span style=\"color: #141412; font-family: 'Source Sans Pro';\"> &#8211; tento semin\u00e1\u0159 realizujeme jako<strong><span style=\"color: #0000ff;\"> 8. hodinov\u00fd<\/span> \u00a0\u2013 \u00a0<\/strong>pouze<strong> 23.3.2018 <\/strong>nebo jako<span style=\"color: #0000ff;\"><strong> 16. hodinov\u00fd<\/strong><\/span> pro pot\u0159eby <strong><span style=\"color: #ff9900;\">\u201e\u0161ablon\u201c<\/span><\/strong> \u2013\u00a0 1. d\u00edl<strong>\u00a0\u00a0 23.3.2018<\/strong>, \u00a0 2. d\u00edl<strong>\u00a0\u00a0 13.6.2018\u00a0 <\/strong><em>\u00a0 <\/em><br \/>\n<\/span><\/span><\/p>\n<p><strong><span style=\"color: #141412; font-family: 'Source Sans Pro';\"><span style=\"color: #141412; font-family: 'Source Sans Pro';\">Cena programu<\/span><\/span><\/strong><span style=\"color: #141412; font-family: 'Source Sans Pro';\"><span style=\"color: #141412; font-family: 'Source Sans Pro';\"> &#8211;\u00a0 900.- K\u010d \u00a0 (8 hod.) \u00a0 \u00a0 nebo\u00a0\u00a0\u00a0\u00a0 1 800.- K\u010d \u00a0 (16 hod.)<br \/>\n<\/span><\/span><\/p>\n<p><strong><span style=\"color: #141412; font-family: 'Source Sans Pro';\"><span style=\"color: #141412; font-family: 'Source Sans Pro';\">M\u00edsto kon\u00e1n\u00ed<\/span><\/span><\/strong><span style=\"color: #141412; font-family: 'Source Sans Pro';\"><span style=\"color: #141412; font-family: 'Source Sans Pro';\"> &#8211; <span style=\"color: #000000;\"><strong>\u010cesk\u00e9 Bud\u011bjovice, \u010cechova 1<\/strong><\/span><\/span><\/span><\/p>\n<p>P\u0159ihl\u00e1\u0161ka\u00a0 &#8211;\u00a0\u00a0 <a href=\"http:\/\/remizka.cz\/wordpress\/wp-content\/uploads\/2018\/02\/Rozvoj-grafomotorik...8-hod._23.3.2018.doc\"><span style=\"color: #ff0000;\"><strong>Rozvoj grafomotoriky&#8230;8 hod._23.3.2018<\/strong><\/span><\/a><\/p>\n<p>P\u0159ihl\u00e1\u0161ka\u00a0 &#8211;\u00a0 <a href=\"http:\/\/remizka.cz\/wordpress\/wp-content\/uploads\/2018\/02\/Rozvoj-grafomotorik...16-hod._23.3.-a-13.6.2018.doc\"><span style=\"color: #ff0000;\"><strong>Rozvoj grafomotoriky&#8230;16 hod._23.3. a 13.6.2018<\/strong><\/span><\/a><\/p>\n<p>&nbsp;<\/p>\n<p>&nbsp;<\/p>\n<p>&nbsp;<\/p>","excerpt":"","image":false,"all_day":false,"start_date":"2018-03-23 09:00:00","start_date_details":{"year":"2018","month":"03","day":"23","hour":"09","minutes":"00","seconds":"00"},"end_date":"2018-03-23 14:30:00","end_date_details":{"year":"2018","month":"03","day":"23","hour":"14","minutes":"30","seconds":"00"},"utc_start_date":"2018-03-23 08:00:00","utc_start_date_details":{"year":"2018","month":"03","day":"23","hour":"08","minutes":"00","seconds":"00"},"utc_end_date":"2018-03-23 13:30:00","utc_end_date_details":{"year":"2018","month":"03","day":"23","hour":"13","minutes":"30","seconds":"00"},"timezone":"UTC+1","timezone_abbr":"","cost":"","cost_details":{"currency_symbol":"","currency_position":"prefix","values":[]},"website":"","show_map":true,"show_map_link":true,"hide_from_listings":false,"sticky":false,"featured":false,"categories":[{"name":"Pedagogika","slug":"pedagogika","term_group":0,"term_taxonomy_id":22,"taxonomy":"tribe_events_cat","description":"","parent":0,"count":2,"filter":"raw","id":22,"urls":{"self":"https:\/\/remizka.cz\/index.php?rest_route=\/tribe\/events\/v1\/categories\/22","collection":"https:\/\/remizka.cz\/index.php?rest_route=\/tribe\/events\/v1\/categories"}},{"name":"Speci\u00e1ln\u00ed pedagogika a prevence","slug":"specialni_pedagogika","term_group":0,"term_taxonomy_id":6,"taxonomy":"tribe_events_cat","description":"","parent":0,"count":37,"filter":"raw","id":6,"urls":{"self":"https:\/\/remizka.cz\/index.php?rest_route=\/tribe\/events\/v1\/categories\/6","collection":"https:\/\/remizka.cz\/index.php?rest_route=\/tribe\/events\/v1\/categories"}}],"tags":[],"venue":[],"organizer":[],"json_ld":{"@context":"http:\/\/schema.org","@type":"Event","name":"Pedagogick\u00e1 diagnostika a rozvoj grafomotoriky u d\u011bt\u00ed v M\u0160 a na 1. st. Z\u0160","description":"&lt;p&gt;C\u00edlem vzd\u011bl\u00e1vac\u00edho programu je p\u0159edstavit pedagog\u016fm problematiku ergonomie psan\u00ed a rozvoje grafomotoriky tak, aby na z\u00e1klad\u011b v\u010dasn\u00e9ho rozpozn\u00e1n\u00ed p\u0159\u00ed\u010diny grafomotorick\u00fdch obt\u00ed\u017e\u00ed byli schopn\u00ed prov\u00e9st\u00a0v\u010dasnou diagnostiku u d\u011bt\u00ed.\u00a0Semin\u00e1\u0159 vymezuje a objas\u0148uje p\u0159\u00ed\u010diny a n\u00e1sledky grafomotorick\u00fdch pot\u00ed\u017e\u00ed u d\u011bt\u00ed v mate\u0159sk\u00e9 \u0161kole a v\u00a01. t\u0159. Z\u0160. Lektorka p\u0159ibl\u00ed\u017e\u00ed \u00fa\u010dastn\u00edk\u016fm problematiku \u0159ady t\u00e9mat - specializace a spolupr\u00e1ce mozkov\u00fdch &hellip; &lt;a href=&quot;https:\/\/remizka.cz\/?tribe_events=rozvoj-grafomotoriky-u-deti-predskolniho-a-mladsiho-skolniho-veku&quot; class=&quot;more-link&quot;&gt;Pokra\u010dov\u00e1n\u00ed textu &lt;span class=&quot;screen-reader-text&quot;&gt;Pedagogick\u00e1 diagnostika a rozvoj grafomotoriky u d\u011bt\u00ed v M\u0160 a na 1. st. Z\u0160&lt;\/span&gt; &lt;span class=&quot;meta-nav&quot;&gt;&rarr;&lt;\/span&gt;&lt;\/a&gt;&lt;\/p&gt;\\n","url":"https:\/\/remizka.cz\/?tribe_events=rozvoj-grafomotoriky-u-deti-predskolniho-a-mladsiho-skolniho-veku","startDate":"2018-03-23 08:00:00","endDate":"2018-03-23 13:30:00"}}